{"id":3252,"date":"2011-06-05T15:33:46","date_gmt":"2011-06-05T13:33:46","guid":{"rendered":"https:\/\/grand-rechain.be\/cms\/?p=3252"},"modified":"2016-10-01T12:02:58","modified_gmt":"2016-10-01T10:02:58","slug":"jogging-karaoke-soiree-annee-80-vendredi-1er-juillet-2011","status":"publish","type":"post","link":"https:\/\/grand-rechain.be\/cms\/jogging-karaoke-soiree-annee-80-vendredi-1er-juillet-2011\/","title":{"rendered":"Jogging, Karaok\u00e9, Soir\u00e9e Ann\u00e9e 80 &#8211; Vendredi 1er juillet 2011"},"content":{"rendered":"<p align=\"center\"><a href=\"..\/..\/jogging\/jogging.php\"><img decoding=\"async\" src=\"https:\/\/grand-rechain.be\/cms\/wp-content\/uploads\/2011\/06\/vendredi.gif\" border=\"0\" \/><br \/>\nCliquez-ici pour plus d&#8217;infos sur le jogging<\/a><\/p>\n","protected":false},"excerpt":{"rendered":"<p>Cliquez-ici pour plus d&#8217;infos sur le jogging<\/p>\n","protected":false},"author":1,"featured_media":0,"comment_status":"closed","ping_status":"open","sticky":false,"template":"","format":"standard","meta":{"ngg_post_thumbnail":0,"footnotes":""},"categories":[6,21,47,22,31,41],"tags":[],"class_list":["post-3252","post","type-post","status-publish","format-standard","hentry","category-comite-des-fetes","category-jogging","category-karaoke","category-kermesse","category-kermesse-2011","category-soiree"],"aioseo_notices":[],"_links":{"self":[{"href":"https:\/\/grand-rechain.be\/cms\/wp-json\/wp\/v2\/posts\/3252","targetHints":{"allow":["GET"]}}],"collection":[{"href":"https:\/\/grand-rechain.be\/cms\/wp-json\/wp\/v2\/posts"}],"about":[{"href":"https:\/\/grand-rechain.be\/cms\/wp-json\/wp\/v2\/types\/post"}],"author":[{"embeddable":true,"href":"https:\/\/grand-rechain.be\/cms\/wp-json\/wp\/v2\/users\/1"}],"replies":[{"embeddable":true,"href":"https:\/\/grand-rechain.be\/cms\/wp-json\/wp\/v2\/comments?post=3252"}],"version-history":[{"count":0,"href":"https:\/\/grand-rechain.be\/cms\/wp-json\/wp\/v2\/posts\/3252\/revisions"}],"wp:attachment":[{"href":"https:\/\/grand-rechain.be\/cms\/wp-json\/wp\/v2\/media?parent=3252"}],"wp:term":[{"taxonomy":"category","embeddable":true,"href":"https:\/\/grand-rechain.be\/cms\/wp-json\/wp\/v2\/categories?post=3252"},{"taxonomy":"post_tag","embeddable":true,"href":"https:\/\/grand-rechain.be\/cms\/wp-json\/wp\/v2\/tags?post=3252"}],"curies":[{"name":"wp","href":"https:\/\/api.w.org\/{rel}","templated":true}]}}