{"id":3257,"date":"2012-06-05T11:27:27","date_gmt":"2012-06-05T09:27:27","guid":{"rendered":"https:\/\/grand-rechain.be\/cms\/?p=3257"},"modified":"2016-10-01T11:56:16","modified_gmt":"2016-10-01T09:56:16","slug":"lundi-du-rire-avec-jerome-de-warzee-et-elastic-lundi-4-juillet-2012","status":"publish","type":"post","link":"https:\/\/grand-rechain.be\/cms\/lundi-du-rire-avec-jerome-de-warzee-et-elastic-lundi-4-juillet-2012\/","title":{"rendered":"Lundi du rire avec J\u00e9r\u00f4me de Warz\u00e9e et Elastic &#8211; Lundi 4 juillet 2012"},"content":{"rendered":"<p><img loading=\"lazy\" decoding=\"async\" class=\"aligncenter size-full wp-image-4596\" src=\"https:\/\/grand-rechain.be\/cms\/wp-content\/uploads\/2011\/05\/invitationlundidurire2012.jpg\" alt=\"invitationlundidurire2012\" width=\"620\" height=\"874\" srcset=\"https:\/\/grand-rechain.be\/cms\/wp-content\/uploads\/2011\/05\/invitationlundidurire2012.jpg 620w, https:\/\/grand-rechain.be\/cms\/wp-content\/uploads\/2011\/05\/invitationlundidurire2012-600x846.jpg 600w, https:\/\/grand-rechain.be\/cms\/wp-content\/uploads\/2011\/05\/invitationlundidurire2012-213x300.jpg 213w\" sizes=\"auto, (max-width: 620px) 100vw, 620px\" \/><\/p>\n","protected":false},"excerpt":{"rendered":"","protected":false},"author":1,"featured_media":0,"comment_status":"closed","ping_status":"open","sticky":false,"template":"","format":"standard","meta":{"ngg_post_thumbnail":0,"footnotes":""},"categories":[6,22,30,40],"tags":[],"class_list":["post-3257","post","type-post","status-publish","format-standard","hentry","category-comite-des-fetes","category-kermesse","category-kermesse-2012","category-spectacle-humour"],"aioseo_notices":[],"_links":{"self":[{"href":"https:\/\/grand-rechain.be\/cms\/wp-json\/wp\/v2\/posts\/3257","targetHints":{"allow":["GET"]}}],"collection":[{"href":"https:\/\/grand-rechain.be\/cms\/wp-json\/wp\/v2\/posts"}],"about":[{"href":"https:\/\/grand-rechain.be\/cms\/wp-json\/wp\/v2\/types\/post"}],"author":[{"embeddable":true,"href":"https:\/\/grand-rechain.be\/cms\/wp-json\/wp\/v2\/users\/1"}],"replies":[{"embeddable":true,"href":"https:\/\/grand-rechain.be\/cms\/wp-json\/wp\/v2\/comments?post=3257"}],"version-history":[{"count":0,"href":"https:\/\/grand-rechain.be\/cms\/wp-json\/wp\/v2\/posts\/3257\/revisions"}],"wp:attachment":[{"href":"https:\/\/grand-rechain.be\/cms\/wp-json\/wp\/v2\/media?parent=3257"}],"wp:term":[{"taxonomy":"category","embeddable":true,"href":"https:\/\/grand-rechain.be\/cms\/wp-json\/wp\/v2\/categories?post=3257"},{"taxonomy":"post_tag","embeddable":true,"href":"https:\/\/grand-rechain.be\/cms\/wp-json\/wp\/v2\/tags?post=3257"}],"curies":[{"name":"wp","href":"https:\/\/api.w.org\/{rel}","templated":true}]}}