{"id":3264,"date":"2012-06-05T15:32:36","date_gmt":"2012-06-05T13:32:36","guid":{"rendered":"https:\/\/grand-rechain.be\/cms\/?p=3264"},"modified":"2016-10-01T11:50:27","modified_gmt":"2016-10-01T09:50:27","slug":"jogging-karaoke-soiree-annees-80-vendredi-29-juin-2012","status":"publish","type":"post","link":"https:\/\/grand-rechain.be\/cms\/jogging-karaoke-soiree-annees-80-vendredi-29-juin-2012\/","title":{"rendered":"Jogging, Karaok\u00e9, Soir\u00e9e ann\u00e9es 80 &#8211; Vendredi 29 juin 2012"},"content":{"rendered":"<p align=\"center\"><a href=\"https:\/\/grand-rechain.be\/cms\/jogging-la-nocturne-des-fenils\/\"><img decoding=\"async\" src=\"https:\/\/grand-rechain.be\/cms\/wp-content\/uploads\/2012\/06\/vendredi.gif\" border=\"0\" \/><br \/>\nCliquez-ici pour plus d&#8217;infos sur le jogging<\/a><\/p>\n","protected":false},"excerpt":{"rendered":"<p>Cliquez-ici pour plus d&#8217;infos sur le jogging<\/p>\n","protected":false},"author":1,"featured_media":0,"comment_status":"closed","ping_status":"open","sticky":false,"template":"","format":"standard","meta":{"ngg_post_thumbnail":0,"footnotes":""},"categories":[6,21,47,22,30,41],"tags":[],"class_list":["post-3264","post","type-post","status-publish","format-standard","hentry","category-comite-des-fetes","category-jogging","category-karaoke","category-kermesse","category-kermesse-2012","category-soiree"],"aioseo_notices":[],"_links":{"self":[{"href":"https:\/\/grand-rechain.be\/cms\/wp-json\/wp\/v2\/posts\/3264","targetHints":{"allow":["GET"]}}],"collection":[{"href":"https:\/\/grand-rechain.be\/cms\/wp-json\/wp\/v2\/posts"}],"about":[{"href":"https:\/\/grand-rechain.be\/cms\/wp-json\/wp\/v2\/types\/post"}],"author":[{"embeddable":true,"href":"https:\/\/grand-rechain.be\/cms\/wp-json\/wp\/v2\/users\/1"}],"replies":[{"embeddable":true,"href":"https:\/\/grand-rechain.be\/cms\/wp-json\/wp\/v2\/comments?post=3264"}],"version-history":[{"count":0,"href":"https:\/\/grand-rechain.be\/cms\/wp-json\/wp\/v2\/posts\/3264\/revisions"}],"wp:attachment":[{"href":"https:\/\/grand-rechain.be\/cms\/wp-json\/wp\/v2\/media?parent=3264"}],"wp:term":[{"taxonomy":"category","embeddable":true,"href":"https:\/\/grand-rechain.be\/cms\/wp-json\/wp\/v2\/categories?post=3264"},{"taxonomy":"post_tag","embeddable":true,"href":"https:\/\/grand-rechain.be\/cms\/wp-json\/wp\/v2\/tags?post=3264"}],"curies":[{"name":"wp","href":"https:\/\/api.w.org\/{rel}","templated":true}]}}