{"id":3276,"date":"2013-06-05T15:26:39","date_gmt":"2013-06-05T13:26:39","guid":{"rendered":"https:\/\/grand-rechain.be\/cms\/?p=3276"},"modified":"2016-10-01T11:41:29","modified_gmt":"2016-10-01T09:41:29","slug":"jogging-karaoke-soiree-annees-80-vendredi-5-juillet-2013","status":"publish","type":"post","link":"https:\/\/grand-rechain.be\/cms\/jogging-karaoke-soiree-annees-80-vendredi-5-juillet-2013\/","title":{"rendered":"Jogging, Karaok\u00e9, Soir\u00e9e Ann\u00e9es 80 &#8211; Vendredi 5 juillet 2013"},"content":{"rendered":"<p align=\"center\"><a href=\"https:\/\/grand-rechain.be\/cms\/jogging-la-nocturne-des-fenils\/\"><img decoding=\"async\" src=\"https:\/\/grand-rechain.be\/cms\/wp-content\/uploads\/2013\/06\/vendredi.gif\" border=\"0\" \/><br \/>\nCliquez-ici pour plus d&#8217;infos sur le jogging<\/a><\/p>\n","protected":false},"excerpt":{"rendered":"<p>Cliquez-ici pour plus d&#8217;infos sur le jogging<\/p>\n","protected":false},"author":1,"featured_media":0,"comment_status":"closed","ping_status":"open","sticky":false,"template":"","format":"standard","meta":{"ngg_post_thumbnail":0,"footnotes":""},"categories":[6,21,47,22,29,41],"tags":[],"class_list":["post-3276","post","type-post","status-publish","format-standard","hentry","category-comite-des-fetes","category-jogging","category-karaoke","category-kermesse","category-kermesse-2013","category-soiree"],"aioseo_notices":[],"_links":{"self":[{"href":"https:\/\/grand-rechain.be\/cms\/wp-json\/wp\/v2\/posts\/3276","targetHints":{"allow":["GET"]}}],"collection":[{"href":"https:\/\/grand-rechain.be\/cms\/wp-json\/wp\/v2\/posts"}],"about":[{"href":"https:\/\/grand-rechain.be\/cms\/wp-json\/wp\/v2\/types\/post"}],"author":[{"embeddable":true,"href":"https:\/\/grand-rechain.be\/cms\/wp-json\/wp\/v2\/users\/1"}],"replies":[{"embeddable":true,"href":"https:\/\/grand-rechain.be\/cms\/wp-json\/wp\/v2\/comments?post=3276"}],"version-history":[{"count":0,"href":"https:\/\/grand-rechain.be\/cms\/wp-json\/wp\/v2\/posts\/3276\/revisions"}],"wp:attachment":[{"href":"https:\/\/grand-rechain.be\/cms\/wp-json\/wp\/v2\/media?parent=3276"}],"wp:term":[{"taxonomy":"category","embeddable":true,"href":"https:\/\/grand-rechain.be\/cms\/wp-json\/wp\/v2\/categories?post=3276"},{"taxonomy":"post_tag","embeddable":true,"href":"https:\/\/grand-rechain.be\/cms\/wp-json\/wp\/v2\/tags?post=3276"}],"curies":[{"name":"wp","href":"https:\/\/api.w.org\/{rel}","templated":true}]}}