{"id":3311,"date":"2015-06-05T11:02:05","date_gmt":"2015-06-05T09:02:05","guid":{"rendered":"https:\/\/grand-rechain.be\/cms\/?p=3311"},"modified":"2016-10-01T11:15:25","modified_gmt":"2016-10-01T09:15:25","slug":"3eme-tremplin-du-rire-lundi-6-juillet-2016","status":"publish","type":"post","link":"https:\/\/grand-rechain.be\/cms\/3eme-tremplin-du-rire-lundi-6-juillet-2016\/","title":{"rendered":"3\u00e8me Tremplin du rire &#8211; Lundi 6 juillet 2016"},"content":{"rendered":"<p align=\"center\"><img decoding=\"async\" src=\"https:\/\/grand-rechain.be\/cms\/wp-content\/uploads\/2015\/06\/lundi.gif\" \/><\/p>\n<p align=\"center\">Le concept : 10 artistes d\u00e9butant ou non vous pr\u00e9senteront un sketch de leur choix ! A la fin de la soir\u00e9e, un classement des sketchs les plus appr\u00e9ci\u00e9s sera \u00e9tabli.<br \/>\nDurant les d\u00e9lib\u00e9rations, un artiste surprise vous pr\u00e9sentera une partie de son spectacle afin de vous faire patienter.<\/p>\n<p align=\"center\">N&#8217;h\u00e9sitez donc pas \u00e0 venir d\u00e9couvrir tous ses talents r\u00e9unis lors de cette soir\u00e9e exceptionnelle !<\/p>\n<p style=\"text-decoration: underline; font-size: large;\" align=\"center\"><strong>Les artistes :<\/strong><\/p>\n<p style=\"font-size: medium;\" align=\"center\">JACKY BALDOA<\/p>\n<p>ABDEL<\/p>\n<p>MANON LEPOMME<\/p>\n<p>JAMES DEANO<\/p>\n<p>QUENTIN SENTE<\/p>\n<p>SUM<\/p>\n<p>SIMON LECLERCQ<\/p>\n<p>SARAH GROSJEAN<\/p>\n<p>ALEX ROGAN<\/p>\n<p>FELIX RADU<\/p>\n<p style=\"font-size: 18pt; text-decoration: underline;\" align=\"center\"><strong>Les membres du jury :<\/strong><\/p>\n<p style=\"font-size: medium;\" align=\"center\">Didier Boclinville &#8211; Angel Ramos Sanchez<br \/>\nFernand Rousseau (membre festival du rire de Rocherfort)<br \/>\nDidier Counard &#8211; Rudy Etienne<br \/>\nPatrick Hardi &#8211; Ren\u00e9 Fran\u00e7ois.<\/p>\n<p style=\"font-size: medium;\" align=\"center\">\n","protected":false},"excerpt":{"rendered":"<p>Le concept : 10 artistes d\u00e9butant ou non vous pr\u00e9senteront un sketch de leur choix ! A la fin de la soir\u00e9e, un classement des sketchs les plus appr\u00e9ci\u00e9s sera \u00e9tabli. Durant les d\u00e9lib\u00e9rations, un&#46;&#46;&#46;<\/p>\n","protected":false},"author":1,"featured_media":0,"comment_status":"closed","ping_status":"open","sticky":false,"template":"","format":"standard","meta":{"ngg_post_thumbnail":0,"footnotes":""},"categories":[6,22,26,40],"tags":[],"class_list":["post-3311","post","type-post","status-publish","format-standard","hentry","category-comite-des-fetes","category-kermesse","category-kermesse-2016","category-spectacle-humour"],"aioseo_notices":[],"_links":{"self":[{"href":"https:\/\/grand-rechain.be\/cms\/wp-json\/wp\/v2\/posts\/3311","targetHints":{"allow":["GET"]}}],"collection":[{"href":"https:\/\/grand-rechain.be\/cms\/wp-json\/wp\/v2\/posts"}],"about":[{"href":"https:\/\/grand-rechain.be\/cms\/wp-json\/wp\/v2\/types\/post"}],"author":[{"embeddable":true,"href":"https:\/\/grand-rechain.be\/cms\/wp-json\/wp\/v2\/users\/1"}],"replies":[{"embeddable":true,"href":"https:\/\/grand-rechain.be\/cms\/wp-json\/wp\/v2\/comments?post=3311"}],"version-history":[{"count":0,"href":"https:\/\/grand-rechain.be\/cms\/wp-json\/wp\/v2\/posts\/3311\/revisions"}],"wp:attachment":[{"href":"https:\/\/grand-rechain.be\/cms\/wp-json\/wp\/v2\/media?parent=3311"}],"wp:term":[{"taxonomy":"category","embeddable":true,"href":"https:\/\/grand-rechain.be\/cms\/wp-json\/wp\/v2\/categories?post=3311"},{"taxonomy":"post_tag","embeddable":true,"href":"https:\/\/grand-rechain.be\/cms\/wp-json\/wp\/v2\/tags?post=3311"}],"curies":[{"name":"wp","href":"https:\/\/api.w.org\/{rel}","templated":true}]}}