{"id":3319,"date":"2016-06-05T13:42:05","date_gmt":"2016-06-05T11:42:05","guid":{"rendered":"https:\/\/grand-rechain.be\/cms\/?p=3319"},"modified":"2016-10-01T11:01:04","modified_gmt":"2016-10-01T09:01:04","slug":"spectacle-les-mauvaises-langues-et-trois-barbes-deux-touffes-lundi-4-juillet-2016","status":"publish","type":"post","link":"https:\/\/grand-rechain.be\/cms\/spectacle-les-mauvaises-langues-et-trois-barbes-deux-touffes-lundi-4-juillet-2016\/","title":{"rendered":"Spectacle &#8220;les Mauvaises Langues&#8221; et &#8220;Trois barbes deux touffes&#8221; &#8211; Lundi 4 juillet 2016"},"content":{"rendered":"<p align=\"center\"><img decoding=\"async\" src=\"https:\/\/grand-rechain.be\/cms\/wp-content\/uploads\/2016\/06\/lundi.gif\" \/><\/p>\n<p style=\"font-size: medium;\" align=\"center\">3 hommes, 2 filles avec 5 univers compl\u00e8tement diff\u00e9rents s&#8217;associent pour vous faire rire!<\/p>\n<p style=\"font-size: medium;\" align=\"center\">Un humour d\u00e9cal\u00e9 comme on n\u2019en fait plus. Ces cinq com\u00e9diens li\u00e9geois vous ont concoct\u00e9 un spectacle aux petits oignons avec des sketches hilarants. Une \u00e9mission litt\u00e9raire d\u00e9cal\u00e9e, des spermatozo\u00efdes en qu\u00eate de sens, de la danse presque contemporaine\u2026 Un spectacle \u00e0 ne pas manquer !<\/p>\n<p style=\"font-size: medium;\" align=\"center\"><img loading=\"lazy\" decoding=\"async\" src=\"https:\/\/grand-rechain.be\/cms\/wp-content\/uploads\/2016\/06\/lundi2.jpg\" width=\"750\" height=\"530\" \/><\/p>\n","protected":false},"excerpt":{"rendered":"<p>3 hommes, 2 filles avec 5 univers compl\u00e8tement diff\u00e9rents s&#8217;associent pour vous faire rire! Un humour d\u00e9cal\u00e9 comme on n\u2019en fait plus. Ces cinq com\u00e9diens li\u00e9geois vous ont concoct\u00e9 un spectacle aux petits oignons avec&#46;&#46;&#46;<\/p>\n","protected":false},"author":1,"featured_media":0,"comment_status":"closed","ping_status":"open","sticky":false,"template":"","format":"standard","meta":{"ngg_post_thumbnail":0,"footnotes":""},"categories":[6,22,26,40],"tags":[],"class_list":["post-3319","post","type-post","status-publish","format-standard","hentry","category-comite-des-fetes","category-kermesse","category-kermesse-2016","category-spectacle-humour"],"aioseo_notices":[],"_links":{"self":[{"href":"https:\/\/grand-rechain.be\/cms\/wp-json\/wp\/v2\/posts\/3319","targetHints":{"allow":["GET"]}}],"collection":[{"href":"https:\/\/grand-rechain.be\/cms\/wp-json\/wp\/v2\/posts"}],"about":[{"href":"https:\/\/grand-rechain.be\/cms\/wp-json\/wp\/v2\/types\/post"}],"author":[{"embeddable":true,"href":"https:\/\/grand-rechain.be\/cms\/wp-json\/wp\/v2\/users\/1"}],"replies":[{"embeddable":true,"href":"https:\/\/grand-rechain.be\/cms\/wp-json\/wp\/v2\/comments?post=3319"}],"version-history":[{"count":0,"href":"https:\/\/grand-rechain.be\/cms\/wp-json\/wp\/v2\/posts\/3319\/revisions"}],"wp:attachment":[{"href":"https:\/\/grand-rechain.be\/cms\/wp-json\/wp\/v2\/media?parent=3319"}],"wp:term":[{"taxonomy":"category","embeddable":true,"href":"https:\/\/grand-rechain.be\/cms\/wp-json\/wp\/v2\/categories?post=3319"},{"taxonomy":"post_tag","embeddable":true,"href":"https:\/\/grand-rechain.be\/cms\/wp-json\/wp\/v2\/tags?post=3319"}],"curies":[{"name":"wp","href":"https:\/\/api.w.org\/{rel}","templated":true}]}}