{"id":4130,"date":"2011-02-12T18:02:52","date_gmt":"2011-02-12T18:02:52","guid":{"rendered":"https:\/\/grand-rechain.be\/cms\/?p=4130"},"modified":"2016-09-30T21:39:09","modified_gmt":"2016-09-30T19:39:09","slug":"souper-hivernal-29-janvier-2011","status":"publish","type":"post","link":"https:\/\/grand-rechain.be\/cms\/souper-hivernal-29-janvier-2011\/","title":{"rendered":"Souper hivernal &#8211; 29 janvier 2011"},"content":{"rendered":"<p class=\"MsoNormal\" style=\"text-align: center;\" align=\"center\"><i>Le comit\u00e9 des f\u00eates de Grand-Rechain vous pr\u00e9sente ses meilleurs voeux pour 2011 et vous invite \u00e0 son 1er<\/i><\/p>\n<p style=\"text-align: center;\">\u00a0<img loading=\"lazy\" decoding=\"async\" class=\"aligncenter\" src=\"https:\/\/grand-rechain.be\/cms\/wp-content\/uploads\/2012\/11\/repas.gif\" width=\"76\" height=\"74\" \/> Souper hivernal<\/p>\n<p><img loading=\"lazy\" decoding=\"async\" class=\"aligncenter\" src=\"https:\/\/grand-rechain.be\/cms\/wp-content\/uploads\/2011\/02\/thermometre.gif\" width=\"49\" height=\"60\" \/><\/p>\n<p class=\"MsoNormal\" style=\"text-align: center;\" align=\"center\">organis\u00e9 dans les locaux du Cercle Saint-Augustin<\/p>\n<p class=\"MsoNormal\" style=\"text-align: center;\" align=\"center\">le samedi 29 janvier 2011<\/p>\n<p class=\"MsoNormal\" style=\"text-align: center;\" align=\"center\">\u00e0\u00a0 partir de 19 heures<\/p>\n<p>&nbsp;<\/p>\n<p>&nbsp;<\/p>\n<p class=\"MsoNormal\">Nous vous proposons au choix\u00a0:<\/p>\n<p class=\"MsoNormal\">&#8211; Une assiette de choucroute, viandes (4 sortes) et dessert au prix de 13 \u0080<\/p>\n<p class=\"MsoNormal\">&#8211; Une assiette de pot\u00e9e li\u00e9geoise avec saucisse et dessert au prix de 13 \u0080<\/p>\n<p class=\"MsoNormal\">Pour les enfants, des hot-dogs(pistolet, choucroute, saucisse) au prix de 2,00 \u0080<\/p>\n<p class=\"auto-style1\">Vins de qualit\u00e9 \u00e0\u00a0 un prix tr\u00e8s d\u00e9mocratique<\/p>\n<p class=\"auto-style2\">&#8212;&#8212;&#8212;&#8212;&#8212;&#8212;&#8212;&#8212;&#8212;&#8212;&#8212;&#8212;&#8212;&#8212;&#8212;&#8212;&#8212;&#8212;&#8212;&#8212;&#8212;&#8212;-<\/p>\n<p class=\"MsoNormal\">Vous pouvez nous communiquer votre r\u00e9servation\u00a0<strong>avant le 25 janvier<\/strong> :<\/p>\n<p class=\"MsoNormal\">&#8211;\u00a0\u00a0\u00a0\u00a0\u00a0\u00a0\u00a0\u00a0par t\u00e9l\u00e9phone au 087\/33.60.50 ou au 0498\/21.50.22 (Gilbert Bozard)<\/p>\n<p class=\"MsoNormal\">&#8211;\u00a0\u00a0\u00a0\u00a0\u00a0\u00a0\u00a0\u00a0par courriel \u00e0\u00a0 l&#8217;adresse\u00a0:<img loading=\"lazy\" decoding=\"async\" src=\"https:\/\/grand-rechain.be\/cms\/wp-content\/uploads\/2011\/02\/cotct.gif\" alt=\"\" width=\"188\" height=\"15\" \/><\/p>\n<p>Merci de pr\u00e9ciser votre nom, pr\u00e9nom, adresse, t\u00e9l\u00e9phone ainsi que le nombre d&#8217;assiettes ou de hot-dogs d\u00e9sir\u00e9.<\/p>\n","protected":false},"excerpt":{"rendered":"<p>Le comit\u00e9 des f\u00eates de Grand-Rechain vous pr\u00e9sente ses meilleurs voeux pour 2011 et vous invite \u00e0 son 1er \u00a0 Souper hivernal organis\u00e9 dans les locaux du Cercle Saint-Augustin le samedi 29 janvier 2011 \u00e0\u00a0&#46;&#46;&#46;<\/p>\n","protected":false},"author":1,"featured_media":0,"comment_status":"closed","ping_status":"open","sticky":false,"template":"","format":"standard","meta":{"ngg_post_thumbnail":0,"footnotes":""},"categories":[6,24],"tags":[],"class_list":["post-4130","post","type-post","status-publish","format-standard","hentry","category-comite-des-fetes","category-souper-hivernal"],"aioseo_notices":[],"aioseo_head":"\n\t\t<!-- All in One SEO 5.0.1.1 - aioseo.com -->\n\t<meta name=\"description\" content=\"Le comit\u00e9 des f\u00eates de Grand-Rechain vous pr\u00e9sente ses meilleurs voeux pour 2011 et vous invite \u00e0 son 1er Souper hivernal organis\u00e9 dans les locaux du Cercle Saint-Augustin le samedi 29 janvier 2011 \u00e0 partir de 19 heures Nous vous proposons au choix : - Une assiette de choucroute, viandes (4 sortes) et\" \/>\n\t<meta name=\"robots\" content=\"max-image-preview:large\" \/>\n\t<meta name=\"author\" content=\"David\"\/>\n\t<meta name=\"google-site-verification\" content=\"HQG42ByboN7N_QHDYVvNEA02TwBdq6gL-n86yQamTfE\" \/>\n\t<link rel=\"canonical\" href=\"https:\/\/grand-rechain.be\/cms\/souper-hivernal-29-janvier-2011\/\" \/>\n\t<meta name=\"generator\" content=\"All in One SEO (AIOSEO) 5.0.1.1\" \/>\n\t\t<meta property=\"og:locale\" content=\"fr_FR\" \/>\n\t\t<meta property=\"og:site_name\" content=\"Grand-Rechain.be \u2013 Bienvenue \u00e0 Grand-Rechain !\" \/>\n\t\t<meta property=\"og:type\" content=\"article\" \/>\n\t\t<meta property=\"og:title\" content=\"Souper hivernal \u2013 29 janvier 2011 | Grand-Rechain.be\" \/>\n\t\t<meta property=\"og:description\" content=\"Le comit\u00e9 des f\u00eates de Grand-Rechain vous pr\u00e9sente ses meilleurs voeux pour 2011 et vous invite \u00e0 son 1er Souper hivernal organis\u00e9 dans les locaux du Cercle Saint-Augustin le samedi 29 janvier 2011 \u00e0 partir de 19 heures Nous vous proposons au choix : - Une assiette de choucroute, viandes (4 sortes) et\" \/>\n\t\t<meta property=\"og:url\" content=\"https:\/\/grand-rechain.be\/cms\/souper-hivernal-29-janvier-2011\/\" \/>\n\t\t<meta property=\"og:image\" content=\"https:\/\/grand-rechain.be\/cms\/wp-content\/uploads\/2021\/02\/favicon.jpg\" \/>\n\t\t<meta property=\"og:image:secure_url\" content=\"https:\/\/grand-rechain.be\/cms\/wp-content\/uploads\/2021\/02\/favicon.jpg\" \/>\n\t\t<meta property=\"og:image:width\" content=\"112\" \/>\n\t\t<meta property=\"og:image:height\" content=\"112\" \/>\n\t\t<meta property=\"article:published_time\" content=\"2011-02-12T18:02:52+00:00\" \/>\n\t\t<meta property=\"article:modified_time\" content=\"2016-09-30T19:39:09+00:00\" \/>\n\t\t<meta property=\"article:publisher\" content=\"https:\/\/www.facebook.com\/comitedesfetesdegrandrechain\" \/>\n\t\t<script type=\"application\/ld+json\" class=\"aioseo-schema\">\n\t\t\t{\"@context\":\"https:\\\/\\\/schema.org\",\"@graph\":[{\"@type\":\"Article\",\"@id\":\"https:\\\/\\\/grand-rechain.be\\\/cms\\\/souper-hivernal-29-janvier-2011\\\/#article\",\"name\":\"Souper hivernal \\u2013 29 janvier 2011 | Grand-Rechain.be\",\"headline\":\"Souper hivernal &#8211; 29 janvier 2011\",\"author\":{\"@id\":\"https:\\\/\\\/grand-rechain.be\\\/cms\\\/author\\\/david\\\/#author\"},\"publisher\":{\"@id\":\"https:\\\/\\\/grand-rechain.be\\\/cms\\\/#organization\"},\"image\":{\"@type\":\"ImageObject\",\"url\":\"https:\\\/\\\/grand-rechain.be\\\/cms\\\/wp-content\\\/uploads\\\/2012\\\/11\\\/repas.gif\",\"@id\":\"https:\\\/\\\/grand-rechain.be\\\/cms\\\/souper-hivernal-29-janvier-2011\\\/#articleImage\",\"width\":139,\"height\":158},\"datePublished\":\"2011-02-12T18:02:52+01:00\",\"dateModified\":\"2016-09-30T21:39:09+02:00\",\"inLanguage\":\"fr-FR\",\"mainEntityOfPage\":{\"@id\":\"https:\\\/\\\/grand-rechain.be\\\/cms\\\/souper-hivernal-29-janvier-2011\\\/#webpage\"},\"isPartOf\":{\"@id\":\"https:\\\/\\\/grand-rechain.be\\\/cms\\\/souper-hivernal-29-janvier-2011\\\/#webpage\"},\"articleSection\":\"Comit\\u00e9 des f\\u00eates, Souper hivernal\"},{\"@type\":\"BreadcrumbList\",\"@id\":\"https:\\\/\\\/grand-rechain.be\\\/cms\\\/souper-hivernal-29-janvier-2011\\\/#breadcrumblist\",\"itemListElement\":[{\"@type\":\"ListItem\",\"@id\":\"https:\\\/\\\/grand-rechain.be\\\/cms#listItem\",\"position\":1,\"name\":\"Accueil\",\"item\":\"https:\\\/\\\/grand-rechain.be\\\/cms\",\"nextItem\":{\"@type\":\"ListItem\",\"@id\":\"https:\\\/\\\/grand-rechain.be\\\/cms\\\/category\\\/comite-des-fetes\\\/#listItem\",\"name\":\"Comit\\u00e9 des f\\u00eates\"}},{\"@type\":\"ListItem\",\"@id\":\"https:\\\/\\\/grand-rechain.be\\\/cms\\\/category\\\/comite-des-fetes\\\/#listItem\",\"position\":2,\"name\":\"Comit\\u00e9 des f\\u00eates\",\"item\":\"https:\\\/\\\/grand-rechain.be\\\/cms\\\/category\\\/comite-des-fetes\\\/\",\"nextItem\":{\"@type\":\"ListItem\",\"@id\":\"https:\\\/\\\/grand-rechain.be\\\/cms\\\/souper-hivernal-29-janvier-2011\\\/#listItem\",\"name\":\"Souper hivernal &#8211; 29 janvier 2011\"},\"previousItem\":{\"@type\":\"ListItem\",\"@id\":\"https:\\\/\\\/grand-rechain.be\\\/cms#listItem\",\"name\":\"Accueil\"}},{\"@type\":\"ListItem\",\"@id\":\"https:\\\/\\\/grand-rechain.be\\\/cms\\\/souper-hivernal-29-janvier-2011\\\/#listItem\",\"position\":3,\"name\":\"Souper hivernal &#8211; 29 janvier 2011\",\"previousItem\":{\"@type\":\"ListItem\",\"@id\":\"https:\\\/\\\/grand-rechain.be\\\/cms\\\/category\\\/comite-des-fetes\\\/#listItem\",\"name\":\"Comit\\u00e9 des f\\u00eates\"}}]},{\"@type\":\"Organization\",\"@id\":\"https:\\\/\\\/grand-rechain.be\\\/cms\\\/#organization\",\"name\":\"Grand-Rechain\",\"description\":\"Bienvenue \\u00e0 Grand-Rechain !\",\"url\":\"https:\\\/\\\/grand-rechain.be\\\/cms\\\/\",\"logo\":{\"@type\":\"ImageObject\",\"url\":\"https:\\\/\\\/grand-rechain.be\\\/cms\\\/wp-content\\\/uploads\\\/2021\\\/02\\\/favicon.jpg\",\"@id\":\"https:\\\/\\\/grand-rechain.be\\\/cms\\\/souper-hivernal-29-janvier-2011\\\/#organizationLogo\",\"width\":112,\"height\":112},\"image\":{\"@id\":\"https:\\\/\\\/grand-rechain.be\\\/cms\\\/souper-hivernal-29-janvier-2011\\\/#organizationLogo\"}},{\"@type\":\"Person\",\"@id\":\"https:\\\/\\\/grand-rechain.be\\\/cms\\\/author\\\/david\\\/#author\",\"url\":\"https:\\\/\\\/grand-rechain.be\\\/cms\\\/author\\\/david\\\/\",\"name\":\"David\"},{\"@type\":\"WebPage\",\"@id\":\"https:\\\/\\\/grand-rechain.be\\\/cms\\\/souper-hivernal-29-janvier-2011\\\/#webpage\",\"url\":\"https:\\\/\\\/grand-rechain.be\\\/cms\\\/souper-hivernal-29-janvier-2011\\\/\",\"name\":\"Souper hivernal \\u2013 29 janvier 2011 | Grand-Rechain.be\",\"description\":\"Le comit\\u00e9 des f\\u00eates de Grand-Rechain vous pr\\u00e9sente ses meilleurs voeux pour 2011 et vous invite \\u00e0 son 1er Souper hivernal organis\\u00e9 dans les locaux du Cercle Saint-Augustin le samedi 29 janvier 2011 \\u00e0 partir de 19 heures Nous vous proposons au choix : - Une assiette de choucroute, viandes (4 sortes) et\",\"inLanguage\":\"fr-FR\",\"isPartOf\":{\"@id\":\"https:\\\/\\\/grand-rechain.be\\\/cms\\\/#website\"},\"breadcrumb\":{\"@id\":\"https:\\\/\\\/grand-rechain.be\\\/cms\\\/souper-hivernal-29-janvier-2011\\\/#breadcrumblist\"},\"author\":{\"@id\":\"https:\\\/\\\/grand-rechain.be\\\/cms\\\/author\\\/david\\\/#author\"},\"creator\":{\"@id\":\"https:\\\/\\\/grand-rechain.be\\\/cms\\\/author\\\/david\\\/#author\"},\"datePublished\":\"2011-02-12T18:02:52+01:00\",\"dateModified\":\"2016-09-30T21:39:09+02:00\"},{\"@type\":\"WebSite\",\"@id\":\"https:\\\/\\\/grand-rechain.be\\\/cms\\\/#website\",\"url\":\"https:\\\/\\\/grand-rechain.be\\\/cms\\\/\",\"name\":\"Grand-Rechain.be\",\"description\":\"Bienvenue \\u00e0 Grand-Rechain !\",\"inLanguage\":\"fr-FR\",\"publisher\":{\"@id\":\"https:\\\/\\\/grand-rechain.be\\\/cms\\\/#organization\"}}]}\n\t\t<\/script>\n\t\t<!-- All in One SEO -->\n\n","aioseo_head_json":{"title":"Souper hivernal \u2013 29 janvier 2011 | Grand-Rechain.be","description":"Le comit\u00e9 des f\u00eates de Grand-Rechain vous pr\u00e9sente ses meilleurs voeux pour 2011 et vous invite \u00e0 son 1er Souper hivernal organis\u00e9 dans les locaux du Cercle Saint-Augustin le samedi 29 janvier 2011 \u00e0 partir de 19 heures Nous vous proposons au choix : - Une assiette de choucroute, viandes (4 sortes) et","canonical_url":"https:\/\/grand-rechain.be\/cms\/souper-hivernal-29-janvier-2011\/","robots":"max-image-preview:large","keywords":"","webmasterTools":{"google-site-verification":"HQG42ByboN7N_QHDYVvNEA02TwBdq6gL-n86yQamTfE","miscellaneous":""},"schema":{"@context":"https:\/\/schema.org","@graph":[{"@type":"Article","@id":"https:\/\/grand-rechain.be\/cms\/souper-hivernal-29-janvier-2011\/#article","name":"Souper hivernal \u2013 29 janvier 2011 | Grand-Rechain.be","headline":"Souper hivernal &#8211; 29 janvier 2011","author":{"@id":"https:\/\/grand-rechain.be\/cms\/author\/david\/#author"},"publisher":{"@id":"https:\/\/grand-rechain.be\/cms\/#organization"},"image":{"@type":"ImageObject","url":"https:\/\/grand-rechain.be\/cms\/wp-content\/uploads\/2012\/11\/repas.gif","@id":"https:\/\/grand-rechain.be\/cms\/souper-hivernal-29-janvier-2011\/#articleImage","width":139,"height":158},"datePublished":"2011-02-12T18:02:52+01:00","dateModified":"2016-09-30T21:39:09+02:00","inLanguage":"fr-FR","mainEntityOfPage":{"@id":"https:\/\/grand-rechain.be\/cms\/souper-hivernal-29-janvier-2011\/#webpage"},"isPartOf":{"@id":"https:\/\/grand-rechain.be\/cms\/souper-hivernal-29-janvier-2011\/#webpage"},"articleSection":"Comit\u00e9 des f\u00eates, Souper hivernal"},{"@type":"BreadcrumbList","@id":"https:\/\/grand-rechain.be\/cms\/souper-hivernal-29-janvier-2011\/#breadcrumblist","itemListElement":[{"@type":"ListItem","@id":"https:\/\/grand-rechain.be\/cms#listItem","position":1,"name":"Accueil","item":"https:\/\/grand-rechain.be\/cms","nextItem":{"@type":"ListItem","@id":"https:\/\/grand-rechain.be\/cms\/category\/comite-des-fetes\/#listItem","name":"Comit\u00e9 des f\u00eates"}},{"@type":"ListItem","@id":"https:\/\/grand-rechain.be\/cms\/category\/comite-des-fetes\/#listItem","position":2,"name":"Comit\u00e9 des f\u00eates","item":"https:\/\/grand-rechain.be\/cms\/category\/comite-des-fetes\/","nextItem":{"@type":"ListItem","@id":"https:\/\/grand-rechain.be\/cms\/souper-hivernal-29-janvier-2011\/#listItem","name":"Souper hivernal &#8211; 29 janvier 2011"},"previousItem":{"@type":"ListItem","@id":"https:\/\/grand-rechain.be\/cms#listItem","name":"Accueil"}},{"@type":"ListItem","@id":"https:\/\/grand-rechain.be\/cms\/souper-hivernal-29-janvier-2011\/#listItem","position":3,"name":"Souper hivernal &#8211; 29 janvier 2011","previousItem":{"@type":"ListItem","@id":"https:\/\/grand-rechain.be\/cms\/category\/comite-des-fetes\/#listItem","name":"Comit\u00e9 des f\u00eates"}}]},{"@type":"Organization","@id":"https:\/\/grand-rechain.be\/cms\/#organization","name":"Grand-Rechain","description":"Bienvenue \u00e0 Grand-Rechain !","url":"https:\/\/grand-rechain.be\/cms\/","logo":{"@type":"ImageObject","url":"https:\/\/grand-rechain.be\/cms\/wp-content\/uploads\/2021\/02\/favicon.jpg","@id":"https:\/\/grand-rechain.be\/cms\/souper-hivernal-29-janvier-2011\/#organizationLogo","width":112,"height":112},"image":{"@id":"https:\/\/grand-rechain.be\/cms\/souper-hivernal-29-janvier-2011\/#organizationLogo"}},{"@type":"Person","@id":"https:\/\/grand-rechain.be\/cms\/author\/david\/#author","url":"https:\/\/grand-rechain.be\/cms\/author\/david\/","name":"David"},{"@type":"WebPage","@id":"https:\/\/grand-rechain.be\/cms\/souper-hivernal-29-janvier-2011\/#webpage","url":"https:\/\/grand-rechain.be\/cms\/souper-hivernal-29-janvier-2011\/","name":"Souper hivernal \u2013 29 janvier 2011 | Grand-Rechain.be","description":"Le comit\u00e9 des f\u00eates de Grand-Rechain vous pr\u00e9sente ses meilleurs voeux pour 2011 et vous invite \u00e0 son 1er Souper hivernal organis\u00e9 dans les locaux du Cercle Saint-Augustin le samedi 29 janvier 2011 \u00e0 partir de 19 heures Nous vous proposons au choix : - Une assiette de choucroute, viandes (4 sortes) et","inLanguage":"fr-FR","isPartOf":{"@id":"https:\/\/grand-rechain.be\/cms\/#website"},"breadcrumb":{"@id":"https:\/\/grand-rechain.be\/cms\/souper-hivernal-29-janvier-2011\/#breadcrumblist"},"author":{"@id":"https:\/\/grand-rechain.be\/cms\/author\/david\/#author"},"creator":{"@id":"https:\/\/grand-rechain.be\/cms\/author\/david\/#author"},"datePublished":"2011-02-12T18:02:52+01:00","dateModified":"2016-09-30T21:39:09+02:00"},{"@type":"WebSite","@id":"https:\/\/grand-rechain.be\/cms\/#website","url":"https:\/\/grand-rechain.be\/cms\/","name":"Grand-Rechain.be","description":"Bienvenue \u00e0 Grand-Rechain !","inLanguage":"fr-FR","publisher":{"@id":"https:\/\/grand-rechain.be\/cms\/#organization"}}]},"og:locale":"fr_FR","og:site_name":"Grand-Rechain.be \u2013 Bienvenue \u00e0 Grand-Rechain !","og:type":"article","og:title":"Souper hivernal \u2013 29 janvier 2011 | Grand-Rechain.be","og:description":"Le comit\u00e9 des f\u00eates de Grand-Rechain vous pr\u00e9sente ses meilleurs voeux pour 2011 et vous invite \u00e0 son 1er Souper hivernal organis\u00e9 dans les locaux du Cercle Saint-Augustin le samedi 29 janvier 2011 \u00e0 partir de 19 heures Nous vous proposons au choix : - Une assiette de choucroute, viandes (4 sortes) et","og:url":"https:\/\/grand-rechain.be\/cms\/souper-hivernal-29-janvier-2011\/","og:image":"https:\/\/grand-rechain.be\/cms\/wp-content\/uploads\/2021\/02\/favicon.jpg","og:image:secure_url":"https:\/\/grand-rechain.be\/cms\/wp-content\/uploads\/2021\/02\/favicon.jpg","og:image:width":112,"og:image:height":112,"article:published_time":"2011-02-12T18:02:52+00:00","article:modified_time":"2016-09-30T19:39:09+00:00","article:publisher":"https:\/\/www.facebook.com\/comitedesfetesdegrandrechain"},"aioseo_meta_data":{"post_id":"4130","title":null,"description":null,"keywords":null,"keyphrases":null,"primary_term":null,"canonical_url":null,"og_title":null,"og_description":null,"og_object_type":"default","og_image_type":"default","og_image_url":null,"og_image_width":null,"og_image_height":null,"og_image_custom_url":null,"og_image_custom_fields":null,"og_video":null,"og_custom_url":null,"og_article_section":null,"og_article_tags":null,"twitter_use_og":false,"twitter_card":"default","twitter_image_type":"default","twitter_image_url":null,"twitter_image_custom_url":null,"twitter_image_custom_fields":null,"twitter_title":null,"twitter_description":null,"schema":{"blockGraphs":[],"customGraphs":[],"default":{"data":{"Article":[],"Course":[],"Dataset":[],"FAQPage":[],"Movie":[],"Person":[],"Product":[],"ProductReview":[],"Car":[],"Recipe":[],"Service":[],"SoftwareApplication":[],"WebPage":[]},"graphName":"","isEnabled":true},"graphs":[],"defaultGraph":"","defaultPostTypeGraph":""},"schema_type":null,"schema_type_options":null,"pillar_content":false,"robots_default":true,"robots_noindex":false,"robots_noarchive":false,"robots_nosnippet":false,"robots_nofollow":false,"robots_noimageindex":false,"robots_noodp":false,"robots_notranslate":false,"robots_max_snippet":null,"robots_max_videopreview":null,"robots_max_imagepreview":"large","priority":null,"frequency":null,"location":null,"local_seo":null,"breadcrumb_settings":null,"limit_modified_date":false,"ai":null,"created":"2021-02-14 10:42:29","updated":"2025-06-15 07:00:02","seo_analyzer_scan_date":null,"focus_keyword":null,"additional_keywords":null,"truseo_locale":null},"_links":{"self":[{"href":"https:\/\/grand-rechain.be\/cms\/wp-json\/wp\/v2\/posts\/4130","targetHints":{"allow":["GET"]}}],"collection":[{"href":"https:\/\/grand-rechain.be\/cms\/wp-json\/wp\/v2\/posts"}],"about":[{"href":"https:\/\/grand-rechain.be\/cms\/wp-json\/wp\/v2\/types\/post"}],"author":[{"embeddable":true,"href":"https:\/\/grand-rechain.be\/cms\/wp-json\/wp\/v2\/users\/1"}],"replies":[{"embeddable":true,"href":"https:\/\/grand-rechain.be\/cms\/wp-json\/wp\/v2\/comments?post=4130"}],"version-history":[{"count":0,"href":"https:\/\/grand-rechain.be\/cms\/wp-json\/wp\/v2\/posts\/4130\/revisions"}],"wp:attachment":[{"href":"https:\/\/grand-rechain.be\/cms\/wp-json\/wp\/v2\/media?parent=4130"}],"wp:term":[{"taxonomy":"category","embeddable":true,"href":"https:\/\/grand-rechain.be\/cms\/wp-json\/wp\/v2\/categories?post=4130"},{"taxonomy":"post_tag","embeddable":true,"href":"https:\/\/grand-rechain.be\/cms\/wp-json\/wp\/v2\/tags?post=4130"}],"curies":[{"name":"wp","href":"https:\/\/api.w.org\/{rel}","templated":true}]}}