{"id":4149,"date":"2016-07-08T09:57:06","date_gmt":"2016-07-08T07:57:06","guid":{"rendered":"https:\/\/grand-rechain.be\/cms\/?p=4149"},"modified":"2025-07-09T22:29:35","modified_gmt":"2025-07-09T20:29:35","slug":"le-comite-des-fetes","status":"publish","type":"post","link":"https:\/\/grand-rechain.be\/cms\/le-comite-des-fetes\/","title":{"rendered":"Le Comit\u00e9 des F\u00eates"},"content":{"rendered":"\n<table class=\"aligncenter\" style=\"width: 100%; height: 140px;\" border=\"1\">\n<tbody>\n<tr style=\"height: 20px;\">\n<td style=\"height: 20px;\">Pr\u00e9sident : Nicolas Neycken<\/td>\n<\/tr>\n<tr style=\"height: 20px;\">\n<td style=\"height: 20px;\">Vice-pr\u00e9sident \/ Secr\u00e9taire : Julien Beuvens<\/td>\n<\/tr>\n<tr style=\"height: 20px;\">\n<td style=\"height: 20px;\">&nbsp;<\/td>\n<\/tr>\n<tr style=\"height: 20px;\">\n<td style=\"height: 20px;\">Gestion journali\u00e8re : Marie Beine, Christie Ferrucci<\/td>\n<\/tr>\n<tr style=\"height: 20px;\">\n<td style=\"height: 20px;\">Gestion journali\u00e8re \/ Public Relation : Ludovic Simons et Stephanie Neyken<\/td>\n<\/tr>\n<tr style=\"height: 20px;\">\n<td style=\"height: 20px;\">Webmaster : David Lebecque<\/td>\n<\/tr>\n<tr style=\"height: 20px;\">\n<td style=\"height: 20px;\">&nbsp;<\/td>\n<\/tr>\n<\/tbody>\n<\/table>\n<p style=\"text-align: center;\" align=\"center\">Membres :<br>Charly Brick &#8211; Gilda Janssen &#8211; R\u00e9gine Dortu &#8211; St\u00e9phane Bozard &#8211; Vanessa Lebecque &#8211; Patrick Weckx &#8211; Christine Xhonneux&nbsp; &#8211; C\u00e9dric Corman &#8211; Anne Schoonbroodt &#8211; Sonia Lonneux &#8211; Joan Palm &#8211; Damien Brouwier &#8211; Justine Archambeau &#8211; Adrien Hurard&nbsp; &#8211; Aylin Schoels &#8211; C\u00e9cile Napp &#8211; Charlotte Grusselin &#8211;&nbsp; Adrien Hagelstein.<\/p>\n\n\n\n<hr class=\"wp-block-separator has-alpha-channel-opacity\"\/>\n\n\n<p style=\"text-align: center;\"><span style=\"text-decoration: underline;\">Comit\u00e9 2025<\/span><\/p>\n\n\n<figure class=\"wp-block-image size-large\"><a href=\"https:\/\/grand-rechain.be\/cms\/wp-content\/uploads\/2016\/07\/photoducomite2025.jpg\"><img loading=\"lazy\" decoding=\"async\" width=\"1024\" height=\"648\" src=\"https:\/\/grand-rechain.be\/cms\/wp-content\/uploads\/2016\/07\/photoducomite2025-1024x648.jpg\" alt=\"\" class=\"wp-image-65497\" srcset=\"https:\/\/grand-rechain.be\/cms\/wp-content\/uploads\/2016\/07\/photoducomite2025-1024x648.jpg 1024w, https:\/\/grand-rechain.be\/cms\/wp-content\/uploads\/2016\/07\/photoducomite2025-300x190.jpg 300w, https:\/\/grand-rechain.be\/cms\/wp-content\/uploads\/2016\/07\/photoducomite2025-768x486.jpg 768w, https:\/\/grand-rechain.be\/cms\/wp-content\/uploads\/2016\/07\/photoducomite2025-1536x972.jpg 1536w, https:\/\/grand-rechain.be\/cms\/wp-content\/uploads\/2016\/07\/photoducomite2025.jpg 1600w\" sizes=\"auto, (max-width: 1024px) 100vw, 1024px\" \/><\/a><\/figure>\n\n\n\n<hr class=\"wp-block-separator has-alpha-channel-opacity\"\/>\n\n\n\n<p style=\"text-align: center;\"><span style=\"text-decoration: underline;\">Comit\u00e9 2023<\/span><\/p>\n\n\n<div class=\"wp-block-image\">\n<figure class=\"aligncenter\"><a href=\"https:\/\/grand-rechain.be\/cms\/wp-content\/uploads\/2016\/07\/comite2023.jpg\"><img loading=\"lazy\" decoding=\"async\" width=\"1024\" height=\"616\" src=\"https:\/\/grand-rechain.be\/cms\/wp-content\/uploads\/2016\/07\/comite2023-1024x616.jpg\" alt=\"\" class=\"wp-image-59425\" srcset=\"https:\/\/grand-rechain.be\/cms\/wp-content\/uploads\/2016\/07\/comite2023-1024x616.jpg 1024w, https:\/\/grand-rechain.be\/cms\/wp-content\/uploads\/2016\/07\/comite2023-600x361.jpg 600w, https:\/\/grand-rechain.be\/cms\/wp-content\/uploads\/2016\/07\/comite2023-300x181.jpg 300w, https:\/\/grand-rechain.be\/cms\/wp-content\/uploads\/2016\/07\/comite2023-768x462.jpg 768w, https:\/\/grand-rechain.be\/cms\/wp-content\/uploads\/2016\/07\/comite2023-1536x924.jpg 1536w, https:\/\/grand-rechain.be\/cms\/wp-content\/uploads\/2016\/07\/comite2023.jpg 1600w\" sizes=\"auto, (max-width: 1024px) 100vw, 1024px\" \/><\/a><\/figure>\n<\/div>\n\n\n<hr class=\"wp-block-separator has-alpha-channel-opacity\"\/>\n\n\n\n<p class=\"has-text-align-center\"><span style=\"text-decoration: underline;\">Comit\u00e9 2017<\/span><\/p>\n\n\n<div class=\"wp-block-image\">\n<figure class=\"aligncenter\"><a href=\"https:\/\/grand-rechain.be\/cms\/wp-content\/uploads\/2016\/07\/comite2017.jpg\"><img loading=\"lazy\" decoding=\"async\" width=\"1024\" height=\"336\" src=\"https:\/\/grand-rechain.be\/cms\/wp-content\/uploads\/2016\/07\/comite2017-1024x336.jpg\" alt=\"\" class=\"wp-image-51136\" srcset=\"https:\/\/grand-rechain.be\/cms\/wp-content\/uploads\/2016\/07\/comite2017-1024x336.jpg 1024w, https:\/\/grand-rechain.be\/cms\/wp-content\/uploads\/2016\/07\/comite2017-600x197.jpg 600w, https:\/\/grand-rechain.be\/cms\/wp-content\/uploads\/2016\/07\/comite2017-300x98.jpg 300w, https:\/\/grand-rechain.be\/cms\/wp-content\/uploads\/2016\/07\/comite2017-768x252.jpg 768w\" sizes=\"auto, (max-width: 1024px) 100vw, 1024px\" \/><\/a><\/figure>\n<\/div>\n\n\n<div style=\"height:20px\" aria-hidden=\"true\" class=\"wp-block-spacer\"><\/div>\n\n\n\n<figure class=\"wp-block-table  aligncenter\"><table class=\"has-fixed-layout\"><tbody><tr><td>&nbsp;Comit\u00e9 2011<br><figure><a href=\"https:\/\/grand-rechain.be\/cms\/wp-content\/uploads\/2016\/05\/comite11.jpg\"><img loading=\"lazy\" decoding=\"async\" class=\"alignnone size-medium wp-image-350\" src=\"https:\/\/grand-rechain.be\/cms\/wp-content\/uploads\/2016\/05\/comite11-300x200.jpg\" alt=\"comite11\" width=\"300\" height=\"200\" srcset=\"https:\/\/grand-rechain.be\/cms\/wp-content\/uploads\/2016\/05\/comite11-300x200.jpg 300w, https:\/\/grand-rechain.be\/cms\/wp-content\/uploads\/2016\/05\/comite11-600x400.jpg 600w, https:\/\/grand-rechain.be\/cms\/wp-content\/uploads\/2016\/05\/comite11.jpg 670w\" sizes=\"auto, (max-width: 300px) 100vw, 300px\" \/><\/a><\/figure><\/td><td>Comit\u00e9 2007<br style=\"text-decoration: underline;\"><figure><a href=\"https:\/\/grand-rechain.be\/cms\/wp-content\/uploads\/2011\/07\/comite07petit.jpg\"><img loading=\"lazy\" decoding=\"async\" class=\"alignnone size-medium wp-image-4166\" src=\"https:\/\/grand-rechain.be\/cms\/wp-content\/uploads\/2011\/07\/comite07petit-300x200.jpg\" alt=\"comite07petit\" width=\"300\" height=\"200\" srcset=\"https:\/\/grand-rechain.be\/cms\/wp-content\/uploads\/2011\/07\/comite07petit-300x200.jpg 300w, https:\/\/grand-rechain.be\/cms\/wp-content\/uploads\/2011\/07\/comite07petit-600x400.jpg 600w, https:\/\/grand-rechain.be\/cms\/wp-content\/uploads\/2011\/07\/comite07petit.jpg 640w\" sizes=\"auto, (max-width: 300px) 100vw, 300px\" \/><\/a><\/figure><\/td><\/tr><tr><td>Comit\u00e9 2003<br><figure><a href=\"https:\/\/grand-rechain.be\/cms\/wp-content\/uploads\/2011\/07\/comite03.jpg\"><img loading=\"lazy\" decoding=\"async\" class=\"alignnone size-medium wp-image-4164\" src=\"https:\/\/grand-rechain.be\/cms\/wp-content\/uploads\/2011\/07\/comite03-300x225.jpg\" alt=\"comite03\" width=\"300\" height=\"225\" srcset=\"https:\/\/grand-rechain.be\/cms\/wp-content\/uploads\/2011\/07\/comite03-300x225.jpg 300w, https:\/\/grand-rechain.be\/cms\/wp-content\/uploads\/2011\/07\/comite03-600x450.jpg 600w, https:\/\/grand-rechain.be\/cms\/wp-content\/uploads\/2011\/07\/comite03.jpg 640w\" sizes=\"auto, (max-width: 300px) 100vw, 300px\" \/><\/a><\/figure><\/td><td>Comit\u00e9 1997<a href=\"comite97.php\"><br><\/a> <figure><a href=\"https:\/\/grand-rechain.be\/cms\/wp-content\/uploads\/2011\/07\/comite97.jpg\"><img loading=\"lazy\" decoding=\"async\" class=\"alignnone size-medium wp-image-4172\" src=\"https:\/\/grand-rechain.be\/cms\/wp-content\/uploads\/2011\/07\/comite97-300x183.jpg\" alt=\"comite97\" width=\"300\" height=\"183\" srcset=\"https:\/\/grand-rechain.be\/cms\/wp-content\/uploads\/2011\/07\/comite97-300x183.jpg 300w, https:\/\/grand-rechain.be\/cms\/wp-content\/uploads\/2011\/07\/comite97.jpg 569w\" sizes=\"auto, (max-width: 300px) 100vw, 300px\" \/><\/a><\/figure><\/td><\/tr><tr><td>Comit\u00e9 1992<br><figure><a href=\"https:\/\/grand-rechain.be\/cms\/wp-content\/uploads\/2011\/07\/comite92.jpg\"><img loading=\"lazy\" decoding=\"async\" class=\"alignnone size-medium wp-image-4170\" src=\"https:\/\/grand-rechain.be\/cms\/wp-content\/uploads\/2011\/07\/comite92-300x206.jpg\" alt=\"comite92\" width=\"300\" height=\"206\" srcset=\"https:\/\/grand-rechain.be\/cms\/wp-content\/uploads\/2011\/07\/comite92-300x206.jpg 300w, https:\/\/grand-rechain.be\/cms\/wp-content\/uploads\/2011\/07\/comite92.jpg 570w\" sizes=\"auto, (max-width: 300px) 100vw, 300px\" \/><\/a><\/figure><\/td><td><a href=\"https:\/\/grand-rechain.be\/cms\/le-comite-des-fetes-en-1987\/\">Comit\u00e9 1987<br><figure><img loading=\"lazy\" decoding=\"async\" class=\"alignnone size-medium wp-image-4168\" src=\"https:\/\/grand-rechain.be\/cms\/wp-content\/uploads\/2011\/07\/comite87-300x217.jpg\" alt=\"comite87\" width=\"300\" height=\"217\" srcset=\"https:\/\/grand-rechain.be\/cms\/wp-content\/uploads\/2011\/07\/comite87-300x217.jpg 300w, https:\/\/grand-rechain.be\/cms\/wp-content\/uploads\/2011\/07\/comite87-600x435.jpg 600w, https:\/\/grand-rechain.be\/cms\/wp-content\/uploads\/2011\/07\/comite87.jpg 676w\" sizes=\"auto, (max-width: 300px) 100vw, 300px\" \/><\/figure><\/a><\/td><\/tr><\/tbody><\/table><\/figure>\n\n\n","protected":false},"excerpt":{"rendered":"<p>Pr\u00e9sident : Nicolas Neycken Vice-pr\u00e9sident \/ Secr\u00e9taire : Julien Beuvens &nbsp; Gestion journali\u00e8re : Marie Beine, Christie Ferrucci Gestion journali\u00e8re \/ Public Relation : Ludovic Simons et Stephanie Neyken Webmaster : David Lebecque &nbsp; Membres&#46;&#46;&#46;<\/p>\n","protected":false},"author":1,"featured_media":0,"comment_status":"closed","ping_status":"closed","sticky":false,"template":"","format":"standard","meta":{"ngg_post_thumbnail":0,"footnotes":""},"categories":[6],"tags":[],"class_list":["post-4149","post","type-post","status-publish","format-standard","hentry","category-comite-des-fetes"],"aioseo_notices":[],"_links":{"self":[{"href":"https:\/\/grand-rechain.be\/cms\/wp-json\/wp\/v2\/posts\/4149","targetHints":{"allow":["GET"]}}],"collection":[{"href":"https:\/\/grand-rechain.be\/cms\/wp-json\/wp\/v2\/posts"}],"about":[{"href":"https:\/\/grand-rechain.be\/cms\/wp-json\/wp\/v2\/types\/post"}],"author":[{"embeddable":true,"href":"https:\/\/grand-rechain.be\/cms\/wp-json\/wp\/v2\/users\/1"}],"replies":[{"embeddable":true,"href":"https:\/\/grand-rechain.be\/cms\/wp-json\/wp\/v2\/comments?post=4149"}],"version-history":[{"count":3,"href":"https:\/\/grand-rechain.be\/cms\/wp-json\/wp\/v2\/posts\/4149\/revisions"}],"predecessor-version":[{"id":65504,"href":"https:\/\/grand-rechain.be\/cms\/wp-json\/wp\/v2\/posts\/4149\/revisions\/65504"}],"wp:attachment":[{"href":"https:\/\/grand-rechain.be\/cms\/wp-json\/wp\/v2\/media?parent=4149"}],"wp:term":[{"taxonomy":"category","embeddable":true,"href":"https:\/\/grand-rechain.be\/cms\/wp-json\/wp\/v2\/categories?post=4149"},{"taxonomy":"post_tag","embeddable":true,"href":"https:\/\/grand-rechain.be\/cms\/wp-json\/wp\/v2\/tags?post=4149"}],"curies":[{"name":"wp","href":"https:\/\/api.w.org\/{rel}","templated":true}]}}