{"id":45668,"date":"2014-03-05T22:19:55","date_gmt":"2014-03-05T21:19:55","guid":{"rendered":"https:\/\/grand-rechain.be\/cms\/?p=45668"},"modified":"2016-12-04T22:23:05","modified_gmt":"2016-12-04T21:23:05","slug":"vide-dressing-27-avril-2014","status":"publish","type":"post","link":"https:\/\/grand-rechain.be\/cms\/vide-dressing-27-avril-2014\/","title":{"rendered":"Vide dressing &#8211; 27 avril 2014"},"content":{"rendered":"<p align=\"center\"><img loading=\"lazy\" decoding=\"async\" class=\"aligncenter size-full wp-image-45665\" src=\"https:\/\/grand-rechain.be\/cms\/wp-content\/uploads\/2016\/12\/videdressing201404.jpg\" alt=\"videdressing201404\" width=\"574\" height=\"800\" srcset=\"https:\/\/grand-rechain.be\/cms\/wp-content\/uploads\/2016\/12\/videdressing201404.jpg 574w, https:\/\/grand-rechain.be\/cms\/wp-content\/uploads\/2016\/12\/videdressing201404-215x300.jpg 215w\" sizes=\"auto, (max-width: 574px) 100vw, 574px\" \/><\/p>\n<p align=\"center\">&#8212;&#8212;&#8212;&#8212;&#8212;&#8212;&#8212;&#8212;&#8212;&#8212;&#8212;&#8212;&#8212;&#8212;&#8212;&#8212;&#8212;&#8212;&#8212;&#8212;&#8212;&#8211;<\/p>\n<p align=\"center\"><strong>Un vide dressing ?<\/strong><strong><br style=\"text-decoration: underline;\"><\/strong>Un vide dressing, c&#8217;est \u00e9colo et \u00e9cono. Une cinquantaire d&#8217;exposants vous proposeront des v\u00eatements, sacs, chaussures, ceintures, bijoux,&#8230; \u00e0 petit prix dans une ambiance conviviale. L&#8217;occasion de se refaire une garde robe ou au contraire d&#8217;y faire un peu de place !<\/p>\n<p align=\"center\"><strong>Essayer les v\u00eatements ?<br style=\"text-decoration: underline;\"><\/strong>Des cabines seront \u00e0 disposition pour essayer vos trouvailles. Les vendeurs vous demanderont \u00e9ventuellement de laisser une carte d&#8217;identit\u00e9 ou autre pendant votre essayage.<\/p>\n<p align=\"center\"><strong>Nous rejoindre :<\/strong><strong><br style=\"text-decoration: underline;\"><\/strong>Le vide dressing a lieu dans le hall omnisports de Grand-Rechain (GPS : Avenue des Platanes, 71 &#8211; 4650 Grand-Rechain). Il est facile de se parquer sur le parking du hall omnisports ou sur la place du village.<br \/>\nVous pouvez \u00e9galement nous rejoindre en bus (lignes TEC 702 ou 69 arr\u00eat &#8220;Grand-Rechain \u00e9cole&#8221;).<\/p>\n<p align=\"center\"><strong>Les emplacements :<br style=\"text-decoration: underline;\"><\/strong>Les emplacements ont une largeur de 3 m\u00e8tres et une profondeur de 2 m\u00e8tres. Une table (+ou- 2m de long) et une chaise sont fournies avec l&#8217;emplacement. Vous pouvez \u00e9galement amener une tringle si vous le souhaitez.<br \/>\nLes emplacements sont accessibles \u00e0 partir de 8h soit 2 heures avant l&#8217;ouverture au public.<br \/>\nLe prix est fix\u00e9 \u00e0 15 euros par emplacement.<\/p>\n<p align=\"center\"><strong>Comment r\u00e9server ?<\/strong><br style=\"color: #ff0000;\">T\u00e9l\u00e9phoner au 0499\/30.65.23 (en soir\u00e9e) afin de vous inscrire. Ensuite effectuer le paiement dans les 3 jours afin de confirmer votre r\u00e9servation sur le compte BE38 8002 2387 5472 du comit\u00e9 des f\u00eates de Grand-Rechain avec en communication : vide dressing + &#8220;nom utilis\u00e9 pour la r\u00e9servation&#8221;. Attention, les r\u00e9servations sans paiement seront supprim\u00e9es.<\/p>\n<p align=\"center\"><strong>Et pour ceux qui n&#8217;aiment pas fouiller dans les v\u00eatements ?<br style=\"text-decoration: underline;\"><\/strong>Le bar est accessible gratuitement (les boissons sont \u00e0 prix d\u00e9mocratiques). Une petite restauration est \u00e9galement pr\u00e9sente.<\/p>\n","protected":false},"excerpt":{"rendered":"<p>&#8212;&#8212;&#8212;&#8212;&#8212;&#8212;&#8212;&#8212;&#8212;&#8212;&#8212;&#8212;&#8212;&#8212;&#8212;&#8212;&#8212;&#8212;&#8212;&#8212;&#8212;&#8211; Un vide dressing ?Un vide dressing, c&#8217;est \u00e9colo et \u00e9cono. Une cinquantaire d&#8217;exposants vous proposeront des v\u00eatements, sacs, chaussures, ceintures, bijoux,&#8230; \u00e0 petit prix dans une ambiance conviviale. L&#8217;occasion de se refaire une garde&#46;&#46;&#46;<\/p>\n","protected":false},"author":1,"featured_media":45665,"comment_status":"closed","ping_status":"closed","sticky":false,"template":"","format":"standard","meta":{"ngg_post_thumbnail":0,"footnotes":""},"categories":[6,18],"tags":[],"class_list":["post-45668","post","type-post","status-publish","format-standard","has-post-thumbnail","hentry","category-comite-des-fetes","category-vide-dressing"],"aioseo_notices":[],"_links":{"self":[{"href":"https:\/\/grand-rechain.be\/cms\/wp-json\/wp\/v2\/posts\/45668","targetHints":{"allow":["GET"]}}],"collection":[{"href":"https:\/\/grand-rechain.be\/cms\/wp-json\/wp\/v2\/posts"}],"about":[{"href":"https:\/\/grand-rechain.be\/cms\/wp-json\/wp\/v2\/types\/post"}],"author":[{"embeddable":true,"href":"https:\/\/grand-rechain.be\/cms\/wp-json\/wp\/v2\/users\/1"}],"replies":[{"embeddable":true,"href":"https:\/\/grand-rechain.be\/cms\/wp-json\/wp\/v2\/comments?post=45668"}],"version-history":[{"count":0,"href":"https:\/\/grand-rechain.be\/cms\/wp-json\/wp\/v2\/posts\/45668\/revisions"}],"wp:featuredmedia":[{"embeddable":true,"href":"https:\/\/grand-rechain.be\/cms\/wp-json\/wp\/v2\/media\/45665"}],"wp:attachment":[{"href":"https:\/\/grand-rechain.be\/cms\/wp-json\/wp\/v2\/media?parent=45668"}],"wp:term":[{"taxonomy":"category","embeddable":true,"href":"https:\/\/grand-rechain.be\/cms\/wp-json\/wp\/v2\/categories?post=45668"},{"taxonomy":"post_tag","embeddable":true,"href":"https:\/\/grand-rechain.be\/cms\/wp-json\/wp\/v2\/tags?post=45668"}],"curies":[{"name":"wp","href":"https:\/\/api.w.org\/{rel}","templated":true}]}}