{"id":52541,"date":"2018-03-06T19:22:19","date_gmt":"2018-03-06T18:22:19","guid":{"rendered":"https:\/\/grand-rechain.be\/cms\/?p=52541"},"modified":"2019-03-05T19:41:31","modified_gmt":"2019-03-05T18:41:31","slug":"22eme-week-end-oenologique","status":"publish","type":"post","link":"https:\/\/grand-rechain.be\/cms\/22eme-week-end-oenologique\/","title":{"rendered":"22\u00e8me Week-end Oenologique"},"content":{"rendered":"<p style=\"text-align: center;\"><img loading=\"lazy\" decoding=\"async\" class=\"aligncenter size-large wp-image-52542\" src=\"https:\/\/grand-rechain.be\/cms\/wp-content\/uploads\/2018\/03\/fetevin2018cercle-747x1024.jpg\" alt=\"\" width=\"747\" height=\"1024\" srcset=\"https:\/\/grand-rechain.be\/cms\/wp-content\/uploads\/2018\/03\/fetevin2018cercle-747x1024.jpg 747w, https:\/\/grand-rechain.be\/cms\/wp-content\/uploads\/2018\/03\/fetevin2018cercle-600x822.jpg 600w, https:\/\/grand-rechain.be\/cms\/wp-content\/uploads\/2018\/03\/fetevin2018cercle-219x300.jpg 219w, https:\/\/grand-rechain.be\/cms\/wp-content\/uploads\/2018\/03\/fetevin2018cercle-768x1052.jpg 768w, https:\/\/grand-rechain.be\/cms\/wp-content\/uploads\/2018\/03\/fetevin2018cercle.jpg 1300w\" sizes=\"auto, (max-width: 747px) 100vw, 747px\" \/><\/p>\n","protected":false},"excerpt":{"rendered":"<p>Rendez-vous le 24 et 25 mars \u00e0 Grand-Rechain pour le 22\u00e8me week-end \u0153nologique. Des viticulteurs fran\u00e7ais se feront un plaisir de vous pr\u00e9senter leurs vins mis en bouteille dans leur propres chais.<\/p>\n","protected":false},"author":1,"featured_media":52542,"comment_status":"closed","ping_status":"closed","sticky":false,"template":"","format":"standard","meta":{"ngg_post_thumbnail":0,"footnotes":""},"categories":[55,54],"tags":[],"class_list":["post-52541","post","type-post","status-publish","format-standard","has-post-thumbnail","hentry","category-comite-du-cercle","category-week-end-oenologique"],"aioseo_notices":[],"_links":{"self":[{"href":"https:\/\/grand-rechain.be\/cms\/wp-json\/wp\/v2\/posts\/52541","targetHints":{"allow":["GET"]}}],"collection":[{"href":"https:\/\/grand-rechain.be\/cms\/wp-json\/wp\/v2\/posts"}],"about":[{"href":"https:\/\/grand-rechain.be\/cms\/wp-json\/wp\/v2\/types\/post"}],"author":[{"embeddable":true,"href":"https:\/\/grand-rechain.be\/cms\/wp-json\/wp\/v2\/users\/1"}],"replies":[{"embeddable":true,"href":"https:\/\/grand-rechain.be\/cms\/wp-json\/wp\/v2\/comments?post=52541"}],"version-history":[{"count":0,"href":"https:\/\/grand-rechain.be\/cms\/wp-json\/wp\/v2\/posts\/52541\/revisions"}],"wp:featuredmedia":[{"embeddable":true,"href":"https:\/\/grand-rechain.be\/cms\/wp-json\/wp\/v2\/media\/52542"}],"wp:attachment":[{"href":"https:\/\/grand-rechain.be\/cms\/wp-json\/wp\/v2\/media?parent=52541"}],"wp:term":[{"taxonomy":"category","embeddable":true,"href":"https:\/\/grand-rechain.be\/cms\/wp-json\/wp\/v2\/categories?post=52541"},{"taxonomy":"post_tag","embeddable":true,"href":"https:\/\/grand-rechain.be\/cms\/wp-json\/wp\/v2\/tags?post=52541"}],"curies":[{"name":"wp","href":"https:\/\/api.w.org\/{rel}","templated":true}]}}