{"id":55387,"date":"2018-09-24T20:44:52","date_gmt":"2018-09-24T18:44:52","guid":{"rendered":"https:\/\/grand-rechain.be\/cms\/?p=55387"},"modified":"2018-11-18T16:26:47","modified_gmt":"2018-11-18T15:26:47","slug":"vide-dressing-11-novembre-2018","status":"publish","type":"post","link":"https:\/\/grand-rechain.be\/cms\/vide-dressing-11-novembre-2018\/","title":{"rendered":"Vide dressing &#8211; 11 novembre 2018"},"content":{"rendered":"<p align=\"center\"><img loading=\"lazy\" decoding=\"async\" class=\"aligncenter size-large wp-image-55388\" src=\"https:\/\/grand-rechain.be\/cms\/wp-content\/uploads\/2018\/09\/videdressing2018-724x1024.jpg\" alt=\"\" width=\"724\" height=\"1024\" srcset=\"https:\/\/grand-rechain.be\/cms\/wp-content\/uploads\/2018\/09\/videdressing2018-724x1024.jpg 724w, https:\/\/grand-rechain.be\/cms\/wp-content\/uploads\/2018\/09\/videdressing2018-600x849.jpg 600w, https:\/\/grand-rechain.be\/cms\/wp-content\/uploads\/2018\/09\/videdressing2018-212x300.jpg 212w, https:\/\/grand-rechain.be\/cms\/wp-content\/uploads\/2018\/09\/videdressing2018-768x1087.jpg 768w, https:\/\/grand-rechain.be\/cms\/wp-content\/uploads\/2018\/09\/videdressing2018.jpg 848w\" sizes=\"auto, (max-width: 724px) 100vw, 724px\" \/><\/p>\n<p style=\"color: #ff0000;\" align=\"center\">OUVERTURE DES INSCRIPTIONS LE 3 OCTOBRE 2018<\/p>\n<p align=\"center\">&#8212;&#8212;&#8212;&#8212;&#8212;&#8212;&#8212;&#8212;&#8212;&#8212;&#8212;&#8212;&#8212;&#8212;&#8212;&#8212;&#8212;&#8212;&#8212;&#8212;&#8212;&#8211;<\/p>\n<p align=\"center\"><strong>Un vide dressing ?<\/strong><strong><br style=\"text-decoration: underline;\"><\/strong>Un vide dressing, c&#8217;est \u00e9colo et \u00e9cono. Une cinquantaire d&#8217;exposants vous proposeront des v\u00eatements, sacs, chaussures, ceintures, bijoux,&#8230; \u00e0 petit prix dans une ambiance conviviale. L&#8217;occasion de se refaire une garde robe ou au contraire d&#8217;y faire un peu de place !<\/p>\n<p align=\"center\"><strong>Essayer les v\u00eatements ?<br style=\"text-decoration: underline;\"><\/strong>Des cabines seront \u00e0 disposition pour essayer vos trouvailles. Les vendeurs vous demanderont \u00e9ventuellement de laisser une carte d&#8217;identit\u00e9 ou autre pendant votre essayage.<\/p>\n<p align=\"center\"><strong>Nous rejoindre :<\/strong><strong><br style=\"text-decoration: underline;\"><\/strong>Le vide dressing a lieu dans le hall omnisports de Grand-Rechain (GPS : Avenue des Platanes, 71 &#8211; 4650 Grand-Rechain). Il est facile de se parquer sur le parking du hall omnisports ou sur la place du village.<br \/>\nVous pouvez \u00e9galement nous rejoindre en bus (lignes TEC 702 ou 69 arr\u00eat &#8220;Grand-Rechain \u00e9cole&#8221;).<\/p>\n<p align=\"center\"><strong>Les emplacements :<br style=\"text-decoration: underline;\"><\/strong>Les emplacements ont une largeur de 3 m\u00e8tres et une profondeur de 2 m\u00e8tres. Une table (+ou- 2m de long) et une chaise sont fournies avec l&#8217;emplacement. Vous pouvez \u00e9galement amener une tringle si vous le souhaitez.<br \/>\nLes emplacements sont accessibles \u00e0 partir de 8h soit 2 heures avant l&#8217;ouverture au public.<br \/>\nAttention : par respect pour les visiteurs et les autres exposants, il n&#8217;est pas autoris\u00e9 de remballer et quitter la salle avant 15h.<br \/>\nLe prix est fix\u00e9 \u00e0 15 euros par emplacement.<\/p>\n<p align=\"center\"><strong>Comment r\u00e9server ?<\/strong><\/p>\n<p align=\"center\">OUVERTURE DES INSCRIPTIONS LE 3 OCTOBRE 2018<br style=\"color: #ff0000;\">T\u00e9l\u00e9phoner au 0499\/30.65.23 (en soir\u00e9e) afin de vous inscrire. Ensuite effectuer le paiement dans les 3 jours afin de confirmer votre r\u00e9servation sur le compte BE38 8002 2387 5472 du comit\u00e9 des f\u00eates de Grand-Rechain avec en communication : vide dressing + &#8220;nom utilis\u00e9 pour la r\u00e9servation&#8221;. Attention, les r\u00e9servations sans paiement seront supprim\u00e9es.<\/p>\n<p align=\"center\"><strong>Et pour ceux qui n&#8217;aiment pas fouiller dans les v\u00eatements ?<br style=\"text-decoration: underline;\"><\/strong>Le bar est accessible gratuitement (les boissons sont \u00e0 prix d\u00e9mocratiques). Une petite restauration est \u00e9galement pr\u00e9sente.<\/p>\n<p align=\"center\"><strong>Il vous reste des v\u00eatements et vous ne voulez pas les ramener chez vous ?<br \/>\n<\/strong>Les 3R mettront \u00e0 votre disposition des sacs afin que vous puissiez faire don de vos v\u00eatements \u00e0 leur association.<\/p>\n<p align=\"center\"><a href=\"https:\/\/grand-rechain.be\/cms\/wp-content\/uploads\/2017\/08\/flyer-vide-dressing-3R-2017-A6.jpg\"><img loading=\"lazy\" decoding=\"async\" class=\"aligncenter wp-image-51152\" src=\"https:\/\/grand-rechain.be\/cms\/wp-content\/uploads\/2017\/08\/flyer-vide-dressing-3R-2017-A6-1024x724.jpg\" alt=\"\" width=\"788\" height=\"557\" srcset=\"https:\/\/grand-rechain.be\/cms\/wp-content\/uploads\/2017\/08\/flyer-vide-dressing-3R-2017-A6-1024x724.jpg 1024w, https:\/\/grand-rechain.be\/cms\/wp-content\/uploads\/2017\/08\/flyer-vide-dressing-3R-2017-A6-600x424.jpg 600w, https:\/\/grand-rechain.be\/cms\/wp-content\/uploads\/2017\/08\/flyer-vide-dressing-3R-2017-A6-300x212.jpg 300w, https:\/\/grand-rechain.be\/cms\/wp-content\/uploads\/2017\/08\/flyer-vide-dressing-3R-2017-A6-768x543.jpg 768w, https:\/\/grand-rechain.be\/cms\/wp-content\/uploads\/2017\/08\/flyer-vide-dressing-3R-2017-A6.jpg 1754w\" sizes=\"auto, (max-width: 788px) 100vw, 788px\" \/><\/a><\/p>\n<div id=\"ConnectiveDocSignExtentionInstalled\" data-extension-version=\"1.0.4\">&nbsp;<\/div>\n","protected":false},"excerpt":{"rendered":"<p>Un vide dressing, c&#8217;est \u00e9colo et \u00e9cono. Une cinquantaire d&#8217;exposants vous proposeront des v\u00eatements, sacs, chaussures, ceintures, bijoux,&#8230; \u00e0 petit prix dans une ambiance conviviale.<\/p>\n","protected":false},"author":1,"featured_media":55388,"comment_status":"closed","ping_status":"closed","sticky":false,"template":"","format":"standard","meta":{"ngg_post_thumbnail":0,"footnotes":""},"categories":[6,18],"tags":[],"class_list":["post-55387","post","type-post","status-publish","format-standard","has-post-thumbnail","hentry","category-comite-des-fetes","category-vide-dressing"],"aioseo_notices":[],"_links":{"self":[{"href":"https:\/\/grand-rechain.be\/cms\/wp-json\/wp\/v2\/posts\/55387","targetHints":{"allow":["GET"]}}],"collection":[{"href":"https:\/\/grand-rechain.be\/cms\/wp-json\/wp\/v2\/posts"}],"about":[{"href":"https:\/\/grand-rechain.be\/cms\/wp-json\/wp\/v2\/types\/post"}],"author":[{"embeddable":true,"href":"https:\/\/grand-rechain.be\/cms\/wp-json\/wp\/v2\/users\/1"}],"replies":[{"embeddable":true,"href":"https:\/\/grand-rechain.be\/cms\/wp-json\/wp\/v2\/comments?post=55387"}],"version-history":[{"count":0,"href":"https:\/\/grand-rechain.be\/cms\/wp-json\/wp\/v2\/posts\/55387\/revisions"}],"wp:featuredmedia":[{"embeddable":true,"href":"https:\/\/grand-rechain.be\/cms\/wp-json\/wp\/v2\/media\/55388"}],"wp:attachment":[{"href":"https:\/\/grand-rechain.be\/cms\/wp-json\/wp\/v2\/media?parent=55387"}],"wp:term":[{"taxonomy":"category","embeddable":true,"href":"https:\/\/grand-rechain.be\/cms\/wp-json\/wp\/v2\/categories?post=55387"},{"taxonomy":"post_tag","embeddable":true,"href":"https:\/\/grand-rechain.be\/cms\/wp-json\/wp\/v2\/tags?post=55387"}],"curies":[{"name":"wp","href":"https:\/\/api.w.org\/{rel}","templated":true}]}}