{"id":56300,"date":"2019-03-05T20:12:38","date_gmt":"2019-03-05T19:12:38","guid":{"rendered":"https:\/\/grand-rechain.be\/cms\/?p=56300"},"modified":"2019-04-08T17:18:50","modified_gmt":"2019-04-08T15:18:50","slug":"23eme-week-end-oenologique","status":"publish","type":"post","link":"https:\/\/grand-rechain.be\/cms\/23eme-week-end-oenologique\/","title":{"rendered":"23\u00e8me Week-end Oenologique"},"content":{"rendered":"\n<div class=\"wp-block-image\"><figure class=\"aligncenter\"><img loading=\"lazy\" decoding=\"async\" width=\"739\" height=\"1024\" src=\"https:\/\/grand-rechain.be\/cms\/wp-content\/uploads\/2019\/03\/foire-du-vin-1-739x1024.png\" alt=\"\" class=\"wp-image-56301\" srcset=\"https:\/\/grand-rechain.be\/cms\/wp-content\/uploads\/2019\/03\/foire-du-vin-1-739x1024.png 739w, https:\/\/grand-rechain.be\/cms\/wp-content\/uploads\/2019\/03\/foire-du-vin-1-600x831.png 600w, https:\/\/grand-rechain.be\/cms\/wp-content\/uploads\/2019\/03\/foire-du-vin-1-217x300.png 217w, https:\/\/grand-rechain.be\/cms\/wp-content\/uploads\/2019\/03\/foire-du-vin-1-768x1064.png 768w, https:\/\/grand-rechain.be\/cms\/wp-content\/uploads\/2019\/03\/foire-du-vin-1.png 769w\" sizes=\"auto, (max-width: 739px) 100vw, 739px\" \/><\/figure><\/div>\n","protected":false},"excerpt":{"rendered":"<p>Rendez-vous le 30 et 31 mars \u00e0 Grand-Rechain pour le 23\u00e8me week-end \u0153nologique. Des viticulteurs fran\u00e7ais se feront un plaisir de vous pr\u00e9senter leurs vins mis en bouteille dans leur propres chais.<\/p>\n","protected":false},"author":4,"featured_media":56301,"comment_status":"closed","ping_status":"closed","sticky":false,"template":"","format":"standard","meta":{"ngg_post_thumbnail":0,"footnotes":""},"categories":[55,54],"tags":[],"class_list":["post-56300","post","type-post","status-publish","format-standard","has-post-thumbnail","hentry","category-comite-du-cercle","category-week-end-oenologique"],"aioseo_notices":[],"_links":{"self":[{"href":"https:\/\/grand-rechain.be\/cms\/wp-json\/wp\/v2\/posts\/56300","targetHints":{"allow":["GET"]}}],"collection":[{"href":"https:\/\/grand-rechain.be\/cms\/wp-json\/wp\/v2\/posts"}],"about":[{"href":"https:\/\/grand-rechain.be\/cms\/wp-json\/wp\/v2\/types\/post"}],"author":[{"embeddable":true,"href":"https:\/\/grand-rechain.be\/cms\/wp-json\/wp\/v2\/users\/4"}],"replies":[{"embeddable":true,"href":"https:\/\/grand-rechain.be\/cms\/wp-json\/wp\/v2\/comments?post=56300"}],"version-history":[{"count":0,"href":"https:\/\/grand-rechain.be\/cms\/wp-json\/wp\/v2\/posts\/56300\/revisions"}],"wp:featuredmedia":[{"embeddable":true,"href":"https:\/\/grand-rechain.be\/cms\/wp-json\/wp\/v2\/media\/56301"}],"wp:attachment":[{"href":"https:\/\/grand-rechain.be\/cms\/wp-json\/wp\/v2\/media?parent=56300"}],"wp:term":[{"taxonomy":"category","embeddable":true,"href":"https:\/\/grand-rechain.be\/cms\/wp-json\/wp\/v2\/categories?post=56300"},{"taxonomy":"post_tag","embeddable":true,"href":"https:\/\/grand-rechain.be\/cms\/wp-json\/wp\/v2\/tags?post=56300"}],"curies":[{"name":"wp","href":"https:\/\/api.w.org\/{rel}","templated":true}]}}