{"id":56628,"date":"2019-06-19T20:40:17","date_gmt":"2019-06-19T18:40:17","guid":{"rendered":"https:\/\/grand-rechain.be\/cms\/?p=56628"},"modified":"2019-07-12T17:46:50","modified_gmt":"2019-07-12T15:46:50","slug":"mexican-party-fluo-night-shiver-dirtymix-samedi-6-juillet-2019-2","status":"publish","type":"post","link":"https:\/\/grand-rechain.be\/cms\/mexican-party-fluo-night-shiver-dirtymix-samedi-6-juillet-2019-2\/","title":{"rendered":"Samedi 6 juillet 2019 &#8211; Mexican Party &#8220;Fluo Night&#8221;( Shiver, DirtyMix, &#8230;) et apr\u00e8s midi r\u00e9cr\u00e9ative"},"content":{"rendered":"<div class=\"_10 _2wqp uiLayer _4-hy _3thl _3qw\">\n<div class=\"_59s7\">\n<div class=\"_4t2a\">\n<div class=\"_4-i2 _pig _416u _50f4 _5pfh\">\n<div id=\"u_1h_6\">\n<div class=\"_3l4o\" data-testid=\"event_create_dialog\">\n<div class=\"_4ixr\">\n<div class=\"_3875\">\n<div class=\"_3878\">\n<div class=\"_38mg clearfix _ikh\">\n<div class=\"_3879 _4bl9\">\n<div class=\"_mh-\">\n<div id=\"composer_text_input_box\" class=\"_56ji _5yk1\" data-interaction-root-id=\"_18p_\">\n<div class=\"_5yk2\" tabindex=\"-2\">\n<div class=\"_5rp7\">\n<div class=\"_5rpb\">\n<div class=\"notranslate _5rpu\" spellcheck=\"false\" data-testid=\"event-create-dialog-details-field\" contenteditable=\"true\">\n<div data-contents=\"true\">\n<div data-offset-key=\"esvlq-0-0\" data-block=\"true\" data-editor=\"c6v0u\">\n<div class=\"_1mf _1mj\" style=\"text-align: center;\" data-offset-key=\"esvlq-0-0\"><span data-offset-key=\"esvlq-0-0\">&nbsp;l\u2019\u00e9v\u00e8nement Facebook&nbsp;:&nbsp;<a href=\"http:\/\/facebook.com\/events\/866398327027494\/\" target=\"_blank\" rel=\"noopener noreferrer\">facebook.com\/events\/<wbr>866398327027494\/<\/a><\/span><\/div>\n<div class=\"_1mf _1mj\" style=\"text-align: center;\" data-offset-key=\"esvlq-0-0\"><span data-offset-key=\"esvlq-0-0\">&nbsp;<\/span><\/div>\n<\/div>\n<\/div>\n<\/div>\n<\/div>\n<\/div>\n<\/div>\n<\/div>\n<\/div>\n<\/div>\n<\/div>\n<\/div>\n<\/div>\n<\/div>\n<\/div>\n<\/div>\n<\/div>\n<\/div>\n<\/div>\n<\/div>\n\n\n<div class=\"wp-block-image\"><figure class=\"aligncenter\"><img loading=\"lazy\" decoding=\"async\" width=\"746\" height=\"1024\" src=\"https:\/\/grand-rechain.be\/cms\/wp-content\/uploads\/2018\/06\/kermesse-samedi-2019-746x1024.jpg\" alt=\"\" class=\"wp-image-56615\" srcset=\"https:\/\/grand-rechain.be\/cms\/wp-content\/uploads\/2018\/06\/kermesse-samedi-2019-746x1024.jpg 746w, https:\/\/grand-rechain.be\/cms\/wp-content\/uploads\/2018\/06\/kermesse-samedi-2019-600x823.jpg 600w, https:\/\/grand-rechain.be\/cms\/wp-content\/uploads\/2018\/06\/kermesse-samedi-2019-219x300.jpg 219w, https:\/\/grand-rechain.be\/cms\/wp-content\/uploads\/2018\/06\/kermesse-samedi-2019-768x1054.jpg 768w, https:\/\/grand-rechain.be\/cms\/wp-content\/uploads\/2018\/06\/kermesse-samedi-2019.jpg 1807w\" sizes=\"auto, (max-width: 746px) 100vw, 746px\" \/><\/figure><\/div>\n","protected":false},"excerpt":{"rendered":"<p>Soir\u00e9e Fluo exceptionnelle ce samedi 6 juillet \u00e0 Grand-Rechain !<\/p>\n","protected":false},"author":1,"featured_media":56598,"comment_status":"closed","ping_status":"closed","sticky":false,"template":"","format":"standard","meta":{"ngg_post_thumbnail":0,"footnotes":""},"categories":[6,22,59,41],"tags":[],"class_list":["post-56628","post","type-post","status-publish","format-standard","has-post-thumbnail","hentry","category-comite-des-fetes","category-kermesse","category-kermesse-2019","category-soiree"],"aioseo_notices":[],"_links":{"self":[{"href":"https:\/\/grand-rechain.be\/cms\/wp-json\/wp\/v2\/posts\/56628","targetHints":{"allow":["GET"]}}],"collection":[{"href":"https:\/\/grand-rechain.be\/cms\/wp-json\/wp\/v2\/posts"}],"about":[{"href":"https:\/\/grand-rechain.be\/cms\/wp-json\/wp\/v2\/types\/post"}],"author":[{"embeddable":true,"href":"https:\/\/grand-rechain.be\/cms\/wp-json\/wp\/v2\/users\/1"}],"replies":[{"embeddable":true,"href":"https:\/\/grand-rechain.be\/cms\/wp-json\/wp\/v2\/comments?post=56628"}],"version-history":[{"count":0,"href":"https:\/\/grand-rechain.be\/cms\/wp-json\/wp\/v2\/posts\/56628\/revisions"}],"wp:featuredmedia":[{"embeddable":true,"href":"https:\/\/grand-rechain.be\/cms\/wp-json\/wp\/v2\/media\/56598"}],"wp:attachment":[{"href":"https:\/\/grand-rechain.be\/cms\/wp-json\/wp\/v2\/media?parent=56628"}],"wp:term":[{"taxonomy":"category","embeddable":true,"href":"https:\/\/grand-rechain.be\/cms\/wp-json\/wp\/v2\/categories?post=56628"},{"taxonomy":"post_tag","embeddable":true,"href":"https:\/\/grand-rechain.be\/cms\/wp-json\/wp\/v2\/tags?post=56628"}],"curies":[{"name":"wp","href":"https:\/\/api.w.org\/{rel}","templated":true}]}}