{"id":57707,"date":"2026-08-06T19:00:00","date_gmt":"2026-08-06T17:00:00","guid":{"rendered":"https:\/\/grand-rechain.be\/cms\/?p=57707"},"modified":"2026-08-31T20:40:33","modified_gmt":"2026-08-31T18:40:33","slug":"demande-dinscription-au-marche-de-noel","status":"publish","type":"post","link":"https:\/\/grand-rechain.be\/cms\/demande-dinscription-au-marche-de-noel\/","title":{"rendered":"Demande d&#8217;inscription au March\u00e9 de No\u00ebl"},"content":{"rendered":"\n<p>La f\u00e9\u00e9rie de No\u00ebl envahira la place de Grand-Rechain du vendredi 28 au dimanche 30 novembre prochain.<\/p>\n<p>Pour l\u2019occasion, des chalets seront mis \u00e0 disposition des exposants :<\/p>\n<p>Le comit\u00e9 des f\u00eates est \u00e0 la recherche :<br>&#8211; d\u2019une chorale de no\u00ebl<br>&#8211; d\u2019artisans wallons<br>&#8211; d\u2019associations<br>&#8211; d\u2019ateliers bricolage<br>&#8211; de producteurs belges (alimentaire)<br>&#8211; \u2026<\/p>\n<p>Attention : la vente par des particuliers n\u2019est pas autoris\u00e9e.<\/p>\n<p>Les horaires :<br>&#8211; Vendredi 27 novembre 2026 de 18h \u00e0 01h<br>&#8211; Samedi 28 novembre 2026 de 15h \u00e0 01h<br>&#8211; Dimanche 29 novembre 2026 de 12h \u00e0 18h<\/p>\n\n\n\n<hr class=\"wp-block-separator has-alpha-channel-opacity\"\/>\n\n\n\n<p><u>Prix des packages (pour les 3 jours, chalets identiques)<\/u><br>\u2013 Package vente d\u2019objets non-consommables : 100\u20ac HTVA soit 121\u20ac TVAC (+ 100\u20ac de caution)<br>\u2013 Package vente de nourriture et\/ou de boissons non destin\u00e9es \u00e0 \u00eatre consomm\u00e9es sur place : 250\u20ac HTVA soit 302,5\u20ac TVAC (+ 100\u20ac de caution)<br>\u2013 Package vente de nourriture et\/ou de boissons \u00e0 consommer sur place : 650\u20ac HTVA soit 786,5\u20ac TVAC (+ 100\u20ac de caution)<\/p>\n<p>La caution de 100 \u20ac\/chalet est \u00e0 payer au moment de l\u2019inscription.<\/p>\n<p><span style=\"text-decoration: underline;\">Chaque package comprend :<\/span><br>&#8211; La mise \u00e0 disposition d&#8217;un chalet.<br>&#8211; La mise \u00e0 disposition d&#8217;un raccordement \u00e9lectrique de 16A y compris l&#8217;\u00e9lectricit\u00e9 consomm\u00e9e.<br>&#8211; La promotion de l\u2019\u00e9v\u00e8nement (r\u00e9seau-sociaux, mailing, affiches, toutes-bo\u00eetes, banni\u00e8res, presse \u00e9crite, presse radio,\u2026).<br>&#8211; La mise \u00e0 disposition de toilettes.<br>&#8211; La sonorisation du site et la mise en place d\u2019animations musicales (DJ, concerts,\u2026) durant l\u2019\u00e9v\u00e8nement.<br>&#8211; La d\u00e9coration g\u00e9n\u00e9rale du march\u00e9 de no\u00ebl (\u00e9clairage des fa\u00e7ades, sapins,&#8230;). La d\u00e9coration des chalets est \u00e0 charge de l&#8217;exposant.<br>&#8211; La mise \u00e0 disposition d&#8217;une garderie et d&#8217;un ch\u00e2teau gonflable pour les enfants des visiteurs.<br>&#8211; L\u2019organisation de la venue de P\u00e8re No\u00ebl sur le march\u00e9 et distribution de friandises.<\/p>\n\n\n\n<hr class=\"wp-block-separator has-alpha-channel-opacity\"\/>\n\n\n\n<p class=\"wp-block-paragraph\">Si vous souhaitez r\u00e9server un chalet, rendez-vous dans <a href=\"https:\/\/www.grand-rechain.be\/shopgr\/categorie-produit\/marche-de-noel\/\" rel=\"nofollow\" title=\"\">notre shop<\/a> et commandez le type de package de votre choix. Vous ne payerez rien au moment de la commande. Vous recevrez un lien de paiement uniquement si votre candidature est retenue.<br>L\u2019acceptation ou le refus de votre inscription vous sera communiqu\u00e9 le plus rapidement possible.<br>Une fois confirm\u00e9e, le paiement (location + caution) devra se faire dans les 5 jours suivant la confirmation de votre r\u00e9servation par l\u2019organisateur. Dans le cas contraire, la r\u00e9servation sera annul\u00e9e.<\/p>\n\n\n\n<p class=\"wp-block-paragraph\">Le r\u00e8glement complet du March\u00e9 de No\u00ebl est disponible ici : <a href=\"https:\/\/grand-rechain.be\/cms\/reglement-marche-de-noel-grand-rechain\/\">R\u00e8glement exposants<\/a><\/p>\n\n\n\n<p class=\"wp-block-paragraph\">Pour tous renseignements compl\u00e9mentaires vous pouvez nous contacter au 0491\/03.79.53.<\/p>\n\n\n\n<div class=\"wp-block-buttons is-content-justification-center is-layout-flex wp-container-core-buttons-is-layout-fe48e5de wp-block-buttons-is-layout-flex\">\n<div class=\"wp-block-button is-style-fill\"><a class=\"wp-block-button__link has-vivid-red-background-color has-background has-text-align-center wp-element-button\" href=\"https:\/\/grand-rechain.be\/shopgr\/categorie-produit\/marche-de-noel\/\">Acc\u00e9der \u00e0 notre shop<\/a><\/div>\n<\/div>\n","protected":false},"excerpt":{"rendered":"<p>Retrouvez ici les informations pour les exposants et le formulaire de demande d&#8217;inscription.<\/p>\n","protected":false},"author":1,"featured_media":0,"comment_status":"closed","ping_status":"closed","sticky":false,"template":"","format":"standard","meta":{"ngg_post_thumbnail":0,"footnotes":""},"categories":[6,17],"tags":[],"class_list":["post-57707","post","type-post","status-publish","format-standard","hentry","category-comite-des-fetes","category-marche-de-noel"],"aioseo_notices":[],"aioseo_head":"\n\t\t<!-- All in One SEO 5.0.1.1 - aioseo.com -->\n\t<meta name=\"description\" content=\"Retrouvez ici les informations pour les exposants et le formulaire de demande d&#039;inscription.\" \/>\n\t<meta name=\"robots\" content=\"max-image-preview:large\" \/>\n\t<meta name=\"author\" content=\"David\"\/>\n\t<meta name=\"google-site-verification\" content=\"HQG42ByboN7N_QHDYVvNEA02TwBdq6gL-n86yQamTfE\" \/>\n\t<link rel=\"canonical\" href=\"https:\/\/grand-rechain.be\/cms\/demande-dinscription-au-marche-de-noel\/\" \/>\n\t<meta name=\"generator\" content=\"All in One SEO (AIOSEO) 5.0.1.1\" \/>\n\t\t<meta property=\"og:locale\" content=\"fr_FR\" \/>\n\t\t<meta property=\"og:site_name\" content=\"Grand-Rechain.be \u2013 Bienvenue \u00e0 Grand-Rechain !\" \/>\n\t\t<meta property=\"og:type\" content=\"article\" \/>\n\t\t<meta property=\"og:title\" content=\"Demande d\u2019inscription au March\u00e9 de No\u00ebl | Grand-Rechain.be\" \/>\n\t\t<meta property=\"og:description\" content=\"Retrouvez ici les informations pour les exposants et le formulaire de demande d&#039;inscription.\" \/>\n\t\t<meta property=\"og:url\" content=\"https:\/\/grand-rechain.be\/cms\/demande-dinscription-au-marche-de-noel\/\" \/>\n\t\t<meta property=\"og:image\" content=\"https:\/\/grand-rechain.be\/cms\/wp-content\/uploads\/2021\/02\/favicon.jpg\" \/>\n\t\t<meta property=\"og:image:secure_url\" content=\"https:\/\/grand-rechain.be\/cms\/wp-content\/uploads\/2021\/02\/favicon.jpg\" \/>\n\t\t<meta property=\"og:image:width\" content=\"112\" \/>\n\t\t<meta property=\"og:image:height\" content=\"112\" \/>\n\t\t<meta property=\"article:published_time\" content=\"2026-08-06T17:00:00+00:00\" \/>\n\t\t<meta property=\"article:modified_time\" content=\"2026-08-31T18:40:33+00:00\" \/>\n\t\t<meta property=\"article:publisher\" content=\"https:\/\/www.facebook.com\/comitedesfetesdegrandrechain\" \/>\n\t\t<script type=\"application\/ld+json\" class=\"aioseo-schema\">\n\t\t\t{\"@context\":\"https:\\\/\\\/schema.org\",\"@graph\":[{\"@type\":\"Article\",\"@id\":\"https:\\\/\\\/grand-rechain.be\\\/cms\\\/demande-dinscription-au-marche-de-noel\\\/#article\",\"name\":\"Demande d\\u2019inscription au March\\u00e9 de No\\u00ebl | Grand-Rechain.be\",\"headline\":\"Demande d&#8217;inscription au March\\u00e9 de No\\u00ebl\",\"author\":{\"@id\":\"https:\\\/\\\/grand-rechain.be\\\/cms\\\/author\\\/david\\\/#author\"},\"publisher\":{\"@id\":\"https:\\\/\\\/grand-rechain.be\\\/cms\\\/#organization\"},\"image\":{\"@type\":\"ImageObject\",\"url\":\"https:\\\/\\\/grand-rechain.be\\\/cms\\\/wp-content\\\/uploads\\\/2021\\\/02\\\/favicon.jpg\",\"@id\":\"https:\\\/\\\/grand-rechain.be\\\/cms\\\/#articleImage\",\"width\":112,\"height\":112},\"datePublished\":\"2026-08-06T19:00:00+02:00\",\"dateModified\":\"2026-08-31T20:40:33+02:00\",\"inLanguage\":\"fr-FR\",\"mainEntityOfPage\":{\"@id\":\"https:\\\/\\\/grand-rechain.be\\\/cms\\\/demande-dinscription-au-marche-de-noel\\\/#webpage\"},\"isPartOf\":{\"@id\":\"https:\\\/\\\/grand-rechain.be\\\/cms\\\/demande-dinscription-au-marche-de-noel\\\/#webpage\"},\"articleSection\":\"Comit\\u00e9 des f\\u00eates, March\\u00e9 de No\\u00ebl\"},{\"@type\":\"BreadcrumbList\",\"@id\":\"https:\\\/\\\/grand-rechain.be\\\/cms\\\/demande-dinscription-au-marche-de-noel\\\/#breadcrumblist\",\"itemListElement\":[{\"@type\":\"ListItem\",\"@id\":\"https:\\\/\\\/grand-rechain.be\\\/cms#listItem\",\"position\":1,\"name\":\"Accueil\",\"item\":\"https:\\\/\\\/grand-rechain.be\\\/cms\",\"nextItem\":{\"@type\":\"ListItem\",\"@id\":\"https:\\\/\\\/grand-rechain.be\\\/cms\\\/category\\\/comite-des-fetes\\\/#listItem\",\"name\":\"Comit\\u00e9 des f\\u00eates\"}},{\"@type\":\"ListItem\",\"@id\":\"https:\\\/\\\/grand-rechain.be\\\/cms\\\/category\\\/comite-des-fetes\\\/#listItem\",\"position\":2,\"name\":\"Comit\\u00e9 des f\\u00eates\",\"item\":\"https:\\\/\\\/grand-rechain.be\\\/cms\\\/category\\\/comite-des-fetes\\\/\",\"nextItem\":{\"@type\":\"ListItem\",\"@id\":\"https:\\\/\\\/grand-rechain.be\\\/cms\\\/demande-dinscription-au-marche-de-noel\\\/#listItem\",\"name\":\"Demande d&#8217;inscription au March\\u00e9 de No\\u00ebl\"},\"previousItem\":{\"@type\":\"ListItem\",\"@id\":\"https:\\\/\\\/grand-rechain.be\\\/cms#listItem\",\"name\":\"Accueil\"}},{\"@type\":\"ListItem\",\"@id\":\"https:\\\/\\\/grand-rechain.be\\\/cms\\\/demande-dinscription-au-marche-de-noel\\\/#listItem\",\"position\":3,\"name\":\"Demande d&#8217;inscription au March\\u00e9 de No\\u00ebl\",\"previousItem\":{\"@type\":\"ListItem\",\"@id\":\"https:\\\/\\\/grand-rechain.be\\\/cms\\\/category\\\/comite-des-fetes\\\/#listItem\",\"name\":\"Comit\\u00e9 des f\\u00eates\"}}]},{\"@type\":\"Organization\",\"@id\":\"https:\\\/\\\/grand-rechain.be\\\/cms\\\/#organization\",\"name\":\"Grand-Rechain\",\"description\":\"Bienvenue \\u00e0 Grand-Rechain !\",\"url\":\"https:\\\/\\\/grand-rechain.be\\\/cms\\\/\",\"logo\":{\"@type\":\"ImageObject\",\"url\":\"https:\\\/\\\/grand-rechain.be\\\/cms\\\/wp-content\\\/uploads\\\/2021\\\/02\\\/favicon.jpg\",\"@id\":\"https:\\\/\\\/grand-rechain.be\\\/cms\\\/demande-dinscription-au-marche-de-noel\\\/#organizationLogo\",\"width\":112,\"height\":112},\"image\":{\"@id\":\"https:\\\/\\\/grand-rechain.be\\\/cms\\\/demande-dinscription-au-marche-de-noel\\\/#organizationLogo\"}},{\"@type\":\"Person\",\"@id\":\"https:\\\/\\\/grand-rechain.be\\\/cms\\\/author\\\/david\\\/#author\",\"url\":\"https:\\\/\\\/grand-rechain.be\\\/cms\\\/author\\\/david\\\/\",\"name\":\"David\"},{\"@type\":\"WebPage\",\"@id\":\"https:\\\/\\\/grand-rechain.be\\\/cms\\\/demande-dinscription-au-marche-de-noel\\\/#webpage\",\"url\":\"https:\\\/\\\/grand-rechain.be\\\/cms\\\/demande-dinscription-au-marche-de-noel\\\/\",\"name\":\"Demande d\\u2019inscription au March\\u00e9 de No\\u00ebl | Grand-Rechain.be\",\"description\":\"Retrouvez ici les informations pour les exposants et le formulaire de demande d'inscription.\",\"inLanguage\":\"fr-FR\",\"isPartOf\":{\"@id\":\"https:\\\/\\\/grand-rechain.be\\\/cms\\\/#website\"},\"breadcrumb\":{\"@id\":\"https:\\\/\\\/grand-rechain.be\\\/cms\\\/demande-dinscription-au-marche-de-noel\\\/#breadcrumblist\"},\"author\":{\"@id\":\"https:\\\/\\\/grand-rechain.be\\\/cms\\\/author\\\/david\\\/#author\"},\"creator\":{\"@id\":\"https:\\\/\\\/grand-rechain.be\\\/cms\\\/author\\\/david\\\/#author\"},\"datePublished\":\"2026-08-06T19:00:00+02:00\",\"dateModified\":\"2026-08-31T20:40:33+02:00\"},{\"@type\":\"WebSite\",\"@id\":\"https:\\\/\\\/grand-rechain.be\\\/cms\\\/#website\",\"url\":\"https:\\\/\\\/grand-rechain.be\\\/cms\\\/\",\"name\":\"Grand-Rechain.be\",\"description\":\"Bienvenue \\u00e0 Grand-Rechain !\",\"inLanguage\":\"fr-FR\",\"publisher\":{\"@id\":\"https:\\\/\\\/grand-rechain.be\\\/cms\\\/#organization\"}}]}\n\t\t<\/script>\n\t\t<!-- All in One SEO -->\n\n","aioseo_head_json":{"title":"Demande d\u2019inscription au March\u00e9 de No\u00ebl | Grand-Rechain.be","description":"Retrouvez ici les informations pour les exposants et le formulaire de demande d'inscription.","canonical_url":"https:\/\/grand-rechain.be\/cms\/demande-dinscription-au-marche-de-noel\/","robots":"max-image-preview:large","keywords":"","webmasterTools":{"google-site-verification":"HQG42ByboN7N_QHDYVvNEA02TwBdq6gL-n86yQamTfE","miscellaneous":""},"schema":{"@context":"https:\/\/schema.org","@graph":[{"@type":"Article","@id":"https:\/\/grand-rechain.be\/cms\/demande-dinscription-au-marche-de-noel\/#article","name":"Demande d\u2019inscription au March\u00e9 de No\u00ebl | Grand-Rechain.be","headline":"Demande d&#8217;inscription au March\u00e9 de No\u00ebl","author":{"@id":"https:\/\/grand-rechain.be\/cms\/author\/david\/#author"},"publisher":{"@id":"https:\/\/grand-rechain.be\/cms\/#organization"},"image":{"@type":"ImageObject","url":"https:\/\/grand-rechain.be\/cms\/wp-content\/uploads\/2021\/02\/favicon.jpg","@id":"https:\/\/grand-rechain.be\/cms\/#articleImage","width":112,"height":112},"datePublished":"2026-08-06T19:00:00+02:00","dateModified":"2026-08-31T20:40:33+02:00","inLanguage":"fr-FR","mainEntityOfPage":{"@id":"https:\/\/grand-rechain.be\/cms\/demande-dinscription-au-marche-de-noel\/#webpage"},"isPartOf":{"@id":"https:\/\/grand-rechain.be\/cms\/demande-dinscription-au-marche-de-noel\/#webpage"},"articleSection":"Comit\u00e9 des f\u00eates, March\u00e9 de No\u00ebl"},{"@type":"BreadcrumbList","@id":"https:\/\/grand-rechain.be\/cms\/demande-dinscription-au-marche-de-noel\/#breadcrumblist","itemListElement":[{"@type":"ListItem","@id":"https:\/\/grand-rechain.be\/cms#listItem","position":1,"name":"Accueil","item":"https:\/\/grand-rechain.be\/cms","nextItem":{"@type":"ListItem","@id":"https:\/\/grand-rechain.be\/cms\/category\/comite-des-fetes\/#listItem","name":"Comit\u00e9 des f\u00eates"}},{"@type":"ListItem","@id":"https:\/\/grand-rechain.be\/cms\/category\/comite-des-fetes\/#listItem","position":2,"name":"Comit\u00e9 des f\u00eates","item":"https:\/\/grand-rechain.be\/cms\/category\/comite-des-fetes\/","nextItem":{"@type":"ListItem","@id":"https:\/\/grand-rechain.be\/cms\/demande-dinscription-au-marche-de-noel\/#listItem","name":"Demande d&#8217;inscription au March\u00e9 de No\u00ebl"},"previousItem":{"@type":"ListItem","@id":"https:\/\/grand-rechain.be\/cms#listItem","name":"Accueil"}},{"@type":"ListItem","@id":"https:\/\/grand-rechain.be\/cms\/demande-dinscription-au-marche-de-noel\/#listItem","position":3,"name":"Demande d&#8217;inscription au March\u00e9 de No\u00ebl","previousItem":{"@type":"ListItem","@id":"https:\/\/grand-rechain.be\/cms\/category\/comite-des-fetes\/#listItem","name":"Comit\u00e9 des f\u00eates"}}]},{"@type":"Organization","@id":"https:\/\/grand-rechain.be\/cms\/#organization","name":"Grand-Rechain","description":"Bienvenue \u00e0 Grand-Rechain !","url":"https:\/\/grand-rechain.be\/cms\/","logo":{"@type":"ImageObject","url":"https:\/\/grand-rechain.be\/cms\/wp-content\/uploads\/2021\/02\/favicon.jpg","@id":"https:\/\/grand-rechain.be\/cms\/demande-dinscription-au-marche-de-noel\/#organizationLogo","width":112,"height":112},"image":{"@id":"https:\/\/grand-rechain.be\/cms\/demande-dinscription-au-marche-de-noel\/#organizationLogo"}},{"@type":"Person","@id":"https:\/\/grand-rechain.be\/cms\/author\/david\/#author","url":"https:\/\/grand-rechain.be\/cms\/author\/david\/","name":"David"},{"@type":"WebPage","@id":"https:\/\/grand-rechain.be\/cms\/demande-dinscription-au-marche-de-noel\/#webpage","url":"https:\/\/grand-rechain.be\/cms\/demande-dinscription-au-marche-de-noel\/","name":"Demande d\u2019inscription au March\u00e9 de No\u00ebl | Grand-Rechain.be","description":"Retrouvez ici les informations pour les exposants et le formulaire de demande d'inscription.","inLanguage":"fr-FR","isPartOf":{"@id":"https:\/\/grand-rechain.be\/cms\/#website"},"breadcrumb":{"@id":"https:\/\/grand-rechain.be\/cms\/demande-dinscription-au-marche-de-noel\/#breadcrumblist"},"author":{"@id":"https:\/\/grand-rechain.be\/cms\/author\/david\/#author"},"creator":{"@id":"https:\/\/grand-rechain.be\/cms\/author\/david\/#author"},"datePublished":"2026-08-06T19:00:00+02:00","dateModified":"2026-08-31T20:40:33+02:00"},{"@type":"WebSite","@id":"https:\/\/grand-rechain.be\/cms\/#website","url":"https:\/\/grand-rechain.be\/cms\/","name":"Grand-Rechain.be","description":"Bienvenue \u00e0 Grand-Rechain !","inLanguage":"fr-FR","publisher":{"@id":"https:\/\/grand-rechain.be\/cms\/#organization"}}]},"og:locale":"fr_FR","og:site_name":"Grand-Rechain.be \u2013 Bienvenue \u00e0 Grand-Rechain !","og:type":"article","og:title":"Demande d\u2019inscription au March\u00e9 de No\u00ebl | Grand-Rechain.be","og:description":"Retrouvez ici les informations pour les exposants et le formulaire de demande d'inscription.","og:url":"https:\/\/grand-rechain.be\/cms\/demande-dinscription-au-marche-de-noel\/","og:image":"https:\/\/grand-rechain.be\/cms\/wp-content\/uploads\/2021\/02\/favicon.jpg","og:image:secure_url":"https:\/\/grand-rechain.be\/cms\/wp-content\/uploads\/2021\/02\/favicon.jpg","og:image:width":112,"og:image:height":112,"article:published_time":"2026-08-06T17:00:00+00:00","article:modified_time":"2026-08-31T18:40:33+00:00","article:publisher":"https:\/\/www.facebook.com\/comitedesfetesdegrandrechain"},"aioseo_meta_data":{"post_id":"57707","title":null,"description":null,"keywords":null,"keyphrases":{"focus":{"keyphrase":"","score":0,"analysis":{"keyphraseInTitle":{"score":0,"maxScore":9,"error":1}}},"additional":[]},"primary_term":null,"canonical_url":null,"og_title":null,"og_description":null,"og_object_type":"default","og_image_type":"default","og_image_url":null,"og_image_width":null,"og_image_height":null,"og_image_custom_url":null,"og_image_custom_fields":null,"og_video":"","og_custom_url":null,"og_article_section":null,"og_article_tags":null,"twitter_use_og":false,"twitter_card":"default","twitter_image_type":"default","twitter_image_url":null,"twitter_image_custom_url":null,"twitter_image_custom_fields":null,"twitter_title":null,"twitter_description":null,"schema":{"blockGraphs":[],"customGraphs":[],"default":{"data":{"Article":[],"Course":[],"Dataset":[],"FAQPage":[],"Movie":[],"Person":[],"Product":[],"ProductReview":[],"Car":[],"Recipe":[],"Service":[],"SoftwareApplication":[],"WebPage":[]},"graphName":"Article","isEnabled":true},"graphs":[]},"schema_type":"default","schema_type_options":"{\"article\":{\"articleType\":\"BlogPosting\"},\"course\":{\"name\":\"\",\"description\":\"\",\"provider\":\"\"},\"faq\":{\"pages\":[]},\"product\":{\"reviews\":[]},\"recipe\":{\"ingredients\":[],\"instructions\":[],\"keywords\":[]},\"software\":{\"reviews\":[],\"operatingSystems\":[]},\"webPage\":{\"webPageType\":\"WebPage\"}}","pillar_content":false,"robots_default":true,"robots_noindex":false,"robots_noarchive":false,"robots_nosnippet":false,"robots_nofollow":false,"robots_noimageindex":false,"robots_noodp":false,"robots_notranslate":false,"robots_max_snippet":"-1","robots_max_videopreview":"-1","robots_max_imagepreview":"large","priority":null,"frequency":"default","location":null,"local_seo":null,"breadcrumb_settings":null,"limit_modified_date":false,"ai":{"faqs":[],"keyPoints":[],"schemas":[],"titles":[],"descriptions":[],"socialPosts":{"email":{"subject":"","preview":"","content":""},"linkedin":[],"twitter":[],"facebook":[],"instagram":[]}},"created":"2021-02-14 10:24:43","updated":"2026-08-31 18:42:21","seo_analyzer_scan_date":null,"focus_keyword":null,"additional_keywords":null,"truseo_locale":null},"_links":{"self":[{"href":"https:\/\/grand-rechain.be\/cms\/wp-json\/wp\/v2\/posts\/57707","targetHints":{"allow":["GET"]}}],"collection":[{"href":"https:\/\/grand-rechain.be\/cms\/wp-json\/wp\/v2\/posts"}],"about":[{"href":"https:\/\/grand-rechain.be\/cms\/wp-json\/wp\/v2\/types\/post"}],"author":[{"embeddable":true,"href":"https:\/\/grand-rechain.be\/cms\/wp-json\/wp\/v2\/users\/1"}],"replies":[{"embeddable":true,"href":"https:\/\/grand-rechain.be\/cms\/wp-json\/wp\/v2\/comments?post=57707"}],"version-history":[{"count":3,"href":"https:\/\/grand-rechain.be\/cms\/wp-json\/wp\/v2\/posts\/57707\/revisions"}],"predecessor-version":[{"id":68755,"href":"https:\/\/grand-rechain.be\/cms\/wp-json\/wp\/v2\/posts\/57707\/revisions\/68755"}],"wp:attachment":[{"href":"https:\/\/grand-rechain.be\/cms\/wp-json\/wp\/v2\/media?parent=57707"}],"wp:term":[{"taxonomy":"category","embeddable":true,"href":"https:\/\/grand-rechain.be\/cms\/wp-json\/wp\/v2\/categories?post=57707"},{"taxonomy":"post_tag","embeddable":true,"href":"https:\/\/grand-rechain.be\/cms\/wp-json\/wp\/v2\/tags?post=57707"}],"curies":[{"name":"wp","href":"https:\/\/api.w.org\/{rel}","templated":true}]}}