{"id":57802,"date":"2019-09-30T21:41:08","date_gmt":"2019-09-30T19:41:08","guid":{"rendered":"https:\/\/grand-rechain.be\/cms\/?p=57802"},"modified":"2019-11-17T20:29:01","modified_gmt":"2019-11-17T19:29:01","slug":"vide-dressing-11-novembre-2019","status":"publish","type":"post","link":"https:\/\/grand-rechain.be\/cms\/vide-dressing-11-novembre-2019\/","title":{"rendered":"Vide dressing &#8211; 11 novembre 2019"},"content":{"rendered":"\n<p style=\"text-align: center;\"><span style=\"color: #ff0000;\">COMPLET !!!!<\/span><\/p>\n\n\n\n<div class=\"wp-block-image\"><figure class=\"aligncenter\"><img loading=\"lazy\" decoding=\"async\" width=\"724\" height=\"1024\" src=\"https:\/\/grand-rechain.be\/cms\/wp-content\/uploads\/2019\/09\/videdressinggr2019-724x1024.jpg\" alt=\"\" class=\"wp-image-57803\" srcset=\"https:\/\/grand-rechain.be\/cms\/wp-content\/uploads\/2019\/09\/videdressinggr2019-724x1024.jpg 724w, https:\/\/grand-rechain.be\/cms\/wp-content\/uploads\/2019\/09\/videdressinggr2019-600x849.jpg 600w, https:\/\/grand-rechain.be\/cms\/wp-content\/uploads\/2019\/09\/videdressinggr2019-212x300.jpg 212w, https:\/\/grand-rechain.be\/cms\/wp-content\/uploads\/2019\/09\/videdressinggr2019-768x1086.jpg 768w, https:\/\/grand-rechain.be\/cms\/wp-content\/uploads\/2019\/09\/videdressinggr2019.jpg 1131w\" sizes=\"auto, (max-width: 724px) 100vw, 724px\" \/><\/figure><\/div>\n\n\n<p align=\"center\"><span style=\"color: #ff0000;\">COMPLET !!!!<\/span><\/p>\n<p style=\"color: #ff0000;\" align=\"center\"><span style=\"color: #000000;\">OUVERTURE DES INSCRIPTIONS LE 1er OCTOBRE 2019 (\u00e0 partir de 19h)<\/span><\/p>\n<p align=\"center\">&#8212;&#8212;&#8212;&#8212;&#8212;&#8212;&#8212;&#8212;&#8212;&#8212;&#8212;-<\/p>\n<p align=\"center\"><strong>Un vide dressing ?<\/strong><strong><br style=\"text-decoration: underline;\" \/><\/strong>Un vide dressing, c&#8217;est \u00e9colo et \u00e9cono. Une cinquantaire d&#8217;exposants vous proposeront des v\u00eatements, sacs, chaussures, ceintures, bijoux,&#8230; \u00e0 petit prix dans une ambiance conviviale. L&#8217;occasion de se refaire une garde robe ou au contraire d&#8217;y faire un peu de place !<\/p>\n<p align=\"center\"><strong>Essayer les v\u00eatements ?<br style=\"text-decoration: underline;\" \/><\/strong>Des cabines seront \u00e0 disposition pour essayer vos trouvailles. Les vendeurs vous demanderont \u00e9ventuellement de laisser une carte d&#8217;identit\u00e9 ou autre pendant votre essayage.<\/p>\n<p align=\"center\"><strong>Nous rejoindre :<\/strong><strong><br style=\"text-decoration: underline;\" \/><\/strong>Le vide dressing a lieu dans le hall omnisports de Grand-Rechain (GPS : Avenue des Platanes, 71 &#8211; 4650 Grand-Rechain). Il est facile de se parquer sur le parking du hall omnisports ou sur la place du village.<br \/>Vous pouvez \u00e9galement nous rejoindre en bus (lignes TEC 702 ou 69 arr\u00eat &#8220;Grand-Rechain \u00e9cole&#8221;).<\/p>\n<p align=\"center\"><strong>Les emplacements :<br style=\"text-decoration: underline;\" \/><\/strong>Les emplacements ont une largeur de 3 m\u00e8tres et une profondeur de 2 m\u00e8tres. Une table (+ou- 2m de long) et une chaise sont fournies avec l&#8217;emplacement. Vous pouvez \u00e9galement amener une tringle si vous le souhaitez.<br \/>Les emplacements sont accessibles \u00e0 partir de 8h soit 2 heures avant l&#8217;ouverture au public.<br \/>Attention : par respect pour les visiteurs et les autres exposants, il n&#8217;est pas autoris\u00e9 de remballer et quitter la salle avant 15h.<br \/>Le prix est fix\u00e9 \u00e0 15 euros par emplacement.<\/p>\n<p align=\"center\"><strong>Comment r\u00e9server ?<\/strong><\/p>\n<p align=\"center\"><span style=\"color: #ff0000;\">COMPLET !!!!<\/span><\/p>\n<p align=\"center\">OUVERTURE DES INSCRIPTIONS LE 1er OCTOBRE 2019 (\u00e0 partir de 19h)<br style=\"color: #ff0000;\" \/>T\u00e9l\u00e9phoner au 0499\/30.65.23 (en soir\u00e9e) afin de vous inscrire. Ensuite effectuer le paiement dans les 3 jours afin de confirmer votre r\u00e9servation sur le compte BE38 8002 2387 5472 du comit\u00e9 des f\u00eates de Grand-Rechain avec en communication : vide dressing + &#8220;nom utilis\u00e9 pour la r\u00e9servation&#8221;. Attention, les r\u00e9servations sans paiement seront supprim\u00e9es.<\/p>\n<p align=\"center\"><strong>Et pour ceux qui n&#8217;aiment pas fouiller dans les v\u00eatements ?<br style=\"text-decoration: underline;\" \/><\/strong>Le bar est accessible gratuitement (les boissons sont \u00e0 prix d\u00e9mocratiques). Une petite restauration est \u00e9galement pr\u00e9sente.<\/p>\n<p align=\"center\"><strong>Il vous reste des v\u00eatements et vous ne voulez pas les ramener chez vous ?<br \/><\/strong>Les 3R mettront \u00e0 votre disposition des sacs afin que vous puissiez faire don de vos v\u00eatements \u00e0 leur association.<\/p>\n<p align=\"center\"><a href=\"https:\/\/grand-rechain.be\/cms\/wp-content\/uploads\/2017\/08\/flyer-vide-dressing-3R-2017-A6.jpg\"><img loading=\"lazy\" decoding=\"async\" class=\"aligncenter wp-image-51152\" src=\"https:\/\/grand-rechain.be\/cms\/wp-content\/uploads\/2017\/08\/flyer-vide-dressing-3R-2017-A6-1024x724.jpg\" alt=\"\" width=\"788\" height=\"557\" srcset=\"https:\/\/grand-rechain.be\/cms\/wp-content\/uploads\/2017\/08\/flyer-vide-dressing-3R-2017-A6-1024x724.jpg 1024w, https:\/\/grand-rechain.be\/cms\/wp-content\/uploads\/2017\/08\/flyer-vide-dressing-3R-2017-A6-600x424.jpg 600w, https:\/\/grand-rechain.be\/cms\/wp-content\/uploads\/2017\/08\/flyer-vide-dressing-3R-2017-A6-300x212.jpg 300w, https:\/\/grand-rechain.be\/cms\/wp-content\/uploads\/2017\/08\/flyer-vide-dressing-3R-2017-A6-768x543.jpg 768w, https:\/\/grand-rechain.be\/cms\/wp-content\/uploads\/2017\/08\/flyer-vide-dressing-3R-2017-A6.jpg 1754w\" sizes=\"auto, (max-width: 788px) 100vw, 788px\" \/><\/a><\/p>\n<div id=\"ConnectiveDocSignExtentionInstalled\" data-extension-version=\"1.0.4\">\u00a0<\/div>","protected":false},"excerpt":{"rendered":"<p>Complet!<br \/>\n9\u00e8me \u00e9dition !<\/p>\n<p>Femmes &#8211; Hommes &#8211; Enfants<br \/>\n55 exposantes !<br \/>\nPlus de 600 visiteurs lors de la 1\u00e8re \u00e9dition !<br \/>\nVenez faire de bonnes affaires entre copines, en famille et m\u00eame avec votre ch\u00e9ri qui y trouvera aussi son bonheur&#8230;<\/p>\n","protected":false},"author":1,"featured_media":57803,"comment_status":"closed","ping_status":"closed","sticky":false,"template":"","format":"standard","meta":{"ngg_post_thumbnail":0,"footnotes":""},"categories":[6,18],"tags":[],"class_list":["post-57802","post","type-post","status-publish","format-standard","has-post-thumbnail","hentry","category-comite-des-fetes","category-vide-dressing"],"aioseo_notices":[],"_links":{"self":[{"href":"https:\/\/grand-rechain.be\/cms\/wp-json\/wp\/v2\/posts\/57802","targetHints":{"allow":["GET"]}}],"collection":[{"href":"https:\/\/grand-rechain.be\/cms\/wp-json\/wp\/v2\/posts"}],"about":[{"href":"https:\/\/grand-rechain.be\/cms\/wp-json\/wp\/v2\/types\/post"}],"author":[{"embeddable":true,"href":"https:\/\/grand-rechain.be\/cms\/wp-json\/wp\/v2\/users\/1"}],"replies":[{"embeddable":true,"href":"https:\/\/grand-rechain.be\/cms\/wp-json\/wp\/v2\/comments?post=57802"}],"version-history":[{"count":0,"href":"https:\/\/grand-rechain.be\/cms\/wp-json\/wp\/v2\/posts\/57802\/revisions"}],"wp:featuredmedia":[{"embeddable":true,"href":"https:\/\/grand-rechain.be\/cms\/wp-json\/wp\/v2\/media\/57803"}],"wp:attachment":[{"href":"https:\/\/grand-rechain.be\/cms\/wp-json\/wp\/v2\/media?parent=57802"}],"wp:term":[{"taxonomy":"category","embeddable":true,"href":"https:\/\/grand-rechain.be\/cms\/wp-json\/wp\/v2\/categories?post=57802"},{"taxonomy":"post_tag","embeddable":true,"href":"https:\/\/grand-rechain.be\/cms\/wp-json\/wp\/v2\/tags?post=57802"}],"curies":[{"name":"wp","href":"https:\/\/api.w.org\/{rel}","templated":true}]}}