{"id":57825,"date":"2019-11-27T08:35:23","date_gmt":"2019-11-27T07:35:23","guid":{"rendered":"https:\/\/grand-rechain.be\/cms\/?p=57825"},"modified":"2020-01-06T18:01:44","modified_gmt":"2020-01-06T17:01:44","slug":"visite-de-pere-noel-14-decembre-2019","status":"publish","type":"post","link":"https:\/\/grand-rechain.be\/cms\/visite-de-pere-noel-14-decembre-2019\/","title":{"rendered":"Visite de P\u00e8re No\u00ebl &#8211; 14 d\u00e9cembre 2019"},"content":{"rendered":"\n\n\n<div class=\"wp-block-image\"><figure class=\"aligncenter\"><img loading=\"lazy\" decoding=\"async\" width=\"726\" height=\"1024\" src=\"https:\/\/grand-rechain.be\/cms\/wp-content\/uploads\/2019\/11\/invitation-pere-noel-2019-pour-site-726x1024.jpg\" alt=\"\" class=\"wp-image-57826\" srcset=\"https:\/\/grand-rechain.be\/cms\/wp-content\/uploads\/2019\/11\/invitation-pere-noel-2019-pour-site.jpg 726w, https:\/\/grand-rechain.be\/cms\/wp-content\/uploads\/2019\/11\/invitation-pere-noel-2019-pour-site-600x846.jpg 600w, https:\/\/grand-rechain.be\/cms\/wp-content\/uploads\/2019\/11\/invitation-pere-noel-2019-pour-site-213x300.jpg 213w\" sizes=\"auto, (max-width: 726px) 100vw, 726px\" \/><\/figure><\/div>\n\n\n\n<p style=\"text-align: center;\"><a href=\"https:\/\/grand-rechain.be\/cms\/wp-content\/uploads\/2019\/11\/invitationperenoel2019.pdf\" target=\"_blank\" rel=\"noopener noreferrer\">T\u00e9l\u00e9charger le Flyers<\/a><\/p>\n\n\n\n<figure class=\"wp-block-image\"><img loading=\"lazy\" decoding=\"async\" width=\"1024\" height=\"726\" src=\"https:\/\/grand-rechain.be\/cms\/wp-content\/uploads\/2019\/11\/itineraireperenoel2019-1024x726.jpg\" alt=\"\" class=\"wp-image-57829\" srcset=\"https:\/\/grand-rechain.be\/cms\/wp-content\/uploads\/2019\/11\/itineraireperenoel2019-1024x726.jpg 1024w, https:\/\/grand-rechain.be\/cms\/wp-content\/uploads\/2019\/11\/itineraireperenoel2019-600x426.jpg 600w, https:\/\/grand-rechain.be\/cms\/wp-content\/uploads\/2019\/11\/itineraireperenoel2019-300x213.jpg 300w, https:\/\/grand-rechain.be\/cms\/wp-content\/uploads\/2019\/11\/itineraireperenoel2019-768x545.jpg 768w\" sizes=\"auto, (max-width: 1024px) 100vw, 1024px\" \/><\/figure>\n\n\n\n<p style=\"text-align: center;\"><a href=\"https:\/\/grand-rechain.be\/cms\/wp-content\/uploads\/2019\/11\/itineraireperenoel2019.pdf\" target=\"_blank\" rel=\"noopener noreferrer\">T\u00e9l\u00e9charger l&#8217;itin\u00e9raire<\/a><\/p>\n","protected":false},"excerpt":{"rendered":"<p>P\u00e8re No\u00ebl sera \u00e0 Grand-Rechain le samedi 14 d\u00e9cembre 2019 de 13h30 \u00e0 21h ! Il d\u00e9ambulera dans les rues du village sur son char illumin\u00e9. R\u00e9servez-lui un bon accueil !<\/p>\n","protected":false},"author":1,"featured_media":57826,"comment_status":"closed","ping_status":"closed","sticky":false,"template":"","format":"standard","meta":{"ngg_post_thumbnail":0,"footnotes":""},"categories":[6,19],"tags":[],"class_list":["post-57825","post","type-post","status-publish","format-standard","has-post-thumbnail","hentry","category-comite-des-fetes","category-pere-noel"],"aioseo_notices":[],"_links":{"self":[{"href":"https:\/\/grand-rechain.be\/cms\/wp-json\/wp\/v2\/posts\/57825","targetHints":{"allow":["GET"]}}],"collection":[{"href":"https:\/\/grand-rechain.be\/cms\/wp-json\/wp\/v2\/posts"}],"about":[{"href":"https:\/\/grand-rechain.be\/cms\/wp-json\/wp\/v2\/types\/post"}],"author":[{"embeddable":true,"href":"https:\/\/grand-rechain.be\/cms\/wp-json\/wp\/v2\/users\/1"}],"replies":[{"embeddable":true,"href":"https:\/\/grand-rechain.be\/cms\/wp-json\/wp\/v2\/comments?post=57825"}],"version-history":[{"count":0,"href":"https:\/\/grand-rechain.be\/cms\/wp-json\/wp\/v2\/posts\/57825\/revisions"}],"wp:featuredmedia":[{"embeddable":true,"href":"https:\/\/grand-rechain.be\/cms\/wp-json\/wp\/v2\/media\/57826"}],"wp:attachment":[{"href":"https:\/\/grand-rechain.be\/cms\/wp-json\/wp\/v2\/media?parent=57825"}],"wp:term":[{"taxonomy":"category","embeddable":true,"href":"https:\/\/grand-rechain.be\/cms\/wp-json\/wp\/v2\/categories?post=57825"},{"taxonomy":"post_tag","embeddable":true,"href":"https:\/\/grand-rechain.be\/cms\/wp-json\/wp\/v2\/tags?post=57825"}],"curies":[{"name":"wp","href":"https:\/\/api.w.org\/{rel}","templated":true}]}}