{"id":58365,"date":"2023-12-08T19:34:38","date_gmt":"2023-12-08T18:34:38","guid":{"rendered":"https:\/\/grand-rechain.be\/cms\/?p=58365"},"modified":"2024-02-25T14:16:28","modified_gmt":"2024-02-25T13:16:28","slug":"quelques-photos-du-marche-de-noel-2023","status":"publish","type":"post","link":"https:\/\/grand-rechain.be\/cms\/quelques-photos-du-marche-de-noel-2023\/","title":{"rendered":"Quelques photos du march\u00e9 de No\u00ebl 2023"},"content":{"rendered":"ngg_shortcode_0_placeholder\n","protected":false},"excerpt":{"rendered":"<p>D\u00e9couvrez quelques photos du march\u00e9 de No\u00ebl 2023.<br \/>\n(Merci au photographe !)<\/p>\n","protected":false},"author":1,"featured_media":59771,"comment_status":"closed","ping_status":"closed","sticky":false,"template":"","format":"standard","meta":{"ngg_post_thumbnail":28530,"footnotes":""},"categories":[6,17],"tags":[],"class_list":["post-58365","post","type-post","status-publish","format-standard","has-post-thumbnail","hentry","category-comite-des-fetes","category-marche-de-noel"],"aioseo_notices":[],"_links":{"self":[{"href":"https:\/\/grand-rechain.be\/cms\/wp-json\/wp\/v2\/posts\/58365","targetHints":{"allow":["GET"]}}],"collection":[{"href":"https:\/\/grand-rechain.be\/cms\/wp-json\/wp\/v2\/posts"}],"about":[{"href":"https:\/\/grand-rechain.be\/cms\/wp-json\/wp\/v2\/types\/post"}],"author":[{"embeddable":true,"href":"https:\/\/grand-rechain.be\/cms\/wp-json\/wp\/v2\/users\/1"}],"replies":[{"embeddable":true,"href":"https:\/\/grand-rechain.be\/cms\/wp-json\/wp\/v2\/comments?post=58365"}],"version-history":[{"count":0,"href":"https:\/\/grand-rechain.be\/cms\/wp-json\/wp\/v2\/posts\/58365\/revisions"}],"wp:featuredmedia":[{"embeddable":true,"href":"https:\/\/grand-rechain.be\/cms\/wp-json\/wp\/v2\/media\/59771"}],"wp:attachment":[{"href":"https:\/\/grand-rechain.be\/cms\/wp-json\/wp\/v2\/media?parent=58365"}],"wp:term":[{"taxonomy":"category","embeddable":true,"href":"https:\/\/grand-rechain.be\/cms\/wp-json\/wp\/v2\/categories?post=58365"},{"taxonomy":"post_tag","embeddable":true,"href":"https:\/\/grand-rechain.be\/cms\/wp-json\/wp\/v2\/tags?post=58365"}],"curies":[{"name":"wp","href":"https:\/\/api.w.org\/{rel}","templated":true}]}}