{"id":58366,"date":"2019-11-26T19:23:57","date_gmt":"2019-11-26T18:23:57","guid":{"rendered":"https:\/\/grand-rechain.be\/cms\/?p=58366"},"modified":"2023-08-30T20:28:08","modified_gmt":"2023-08-30T18:28:08","slug":"toutes-les-photos-du-marche-de-noel-2018-2","status":"publish","type":"post","link":"https:\/\/grand-rechain.be\/cms\/toutes-les-photos-du-marche-de-noel-2018-2\/","title":{"rendered":"Toutes les photos du march\u00e9 de No\u00ebl 2019"},"content":{"rendered":"ngg_shortcode_0_placeholder\n","protected":false},"excerpt":{"rendered":"<p>D\u00e9couvrez toutes les photos du march\u00e9 de No\u00ebl 2019<\/p>\n","protected":false},"author":4,"featured_media":58370,"comment_status":"closed","ping_status":"closed","sticky":false,"template":"","format":"standard","meta":{"ngg_post_thumbnail":0,"footnotes":""},"categories":[6,17],"tags":[],"class_list":["post-58366","post","type-post","status-publish","format-standard","has-post-thumbnail","hentry","category-comite-des-fetes","category-marche-de-noel"],"aioseo_notices":[],"_links":{"self":[{"href":"https:\/\/grand-rechain.be\/cms\/wp-json\/wp\/v2\/posts\/58366","targetHints":{"allow":["GET"]}}],"collection":[{"href":"https:\/\/grand-rechain.be\/cms\/wp-json\/wp\/v2\/posts"}],"about":[{"href":"https:\/\/grand-rechain.be\/cms\/wp-json\/wp\/v2\/types\/post"}],"author":[{"embeddable":true,"href":"https:\/\/grand-rechain.be\/cms\/wp-json\/wp\/v2\/users\/4"}],"replies":[{"embeddable":true,"href":"https:\/\/grand-rechain.be\/cms\/wp-json\/wp\/v2\/comments?post=58366"}],"version-history":[{"count":0,"href":"https:\/\/grand-rechain.be\/cms\/wp-json\/wp\/v2\/posts\/58366\/revisions"}],"wp:featuredmedia":[{"embeddable":true,"href":"https:\/\/grand-rechain.be\/cms\/wp-json\/wp\/v2\/media\/58370"}],"wp:attachment":[{"href":"https:\/\/grand-rechain.be\/cms\/wp-json\/wp\/v2\/media?parent=58366"}],"wp:term":[{"taxonomy":"category","embeddable":true,"href":"https:\/\/grand-rechain.be\/cms\/wp-json\/wp\/v2\/categories?post=58366"},{"taxonomy":"post_tag","embeddable":true,"href":"https:\/\/grand-rechain.be\/cms\/wp-json\/wp\/v2\/tags?post=58366"}],"curies":[{"name":"wp","href":"https:\/\/api.w.org\/{rel}","templated":true}]}}