{"id":58614,"date":"2020-03-09T12:13:58","date_gmt":"2020-03-09T11:13:58","guid":{"rendered":"https:\/\/grand-rechain.be\/cms\/?p=58614"},"modified":"2022-02-18T11:37:08","modified_gmt":"2022-02-18T10:37:08","slug":"24eme-week-end-oenologique-annule","status":"publish","type":"post","link":"https:\/\/grand-rechain.be\/cms\/24eme-week-end-oenologique-annule\/","title":{"rendered":"24\u00e8me Week-end Oenologique (Annul\u00e9)"},"content":{"rendered":"\n<h3 style=\"text-align: center;\"><span style=\"color: #ff0000;\">ANNULE &#8211; pour cause de Coronavirus &#8211; ANNULE<\/span><\/h3>\n\n\n\n<div class=\"wp-block-image\"><figure class=\"aligncenter size-large\"><img loading=\"lazy\" decoding=\"async\" width=\"724\" height=\"1024\" src=\"https:\/\/grand-rechain.be\/cms\/wp-content\/uploads\/2020\/03\/0001-724x1024.jpg\" alt=\"\" class=\"wp-image-58617\" srcset=\"https:\/\/grand-rechain.be\/cms\/wp-content\/uploads\/2020\/03\/0001-724x1024.jpg 724w, https:\/\/grand-rechain.be\/cms\/wp-content\/uploads\/2020\/03\/0001-scaled-600x849.jpg 600w, https:\/\/grand-rechain.be\/cms\/wp-content\/uploads\/2020\/03\/0001-212x300.jpg 212w, https:\/\/grand-rechain.be\/cms\/wp-content\/uploads\/2020\/03\/0001-768x1086.jpg 768w, https:\/\/grand-rechain.be\/cms\/wp-content\/uploads\/2020\/03\/0001-1086x1536.jpg 1086w, https:\/\/grand-rechain.be\/cms\/wp-content\/uploads\/2020\/03\/0001-1448x2048.jpg 1448w, https:\/\/grand-rechain.be\/cms\/wp-content\/uploads\/2020\/03\/0001-scaled.jpg 1810w\" sizes=\"auto, (max-width: 724px) 100vw, 724px\" \/><\/figure><\/div>\n\n\n\n<h3 style=\"text-align: center;\"><span style=\"color: #ff0000;\">ANNULE &#8211; pour cause de Coronavirus &#8211; ANNULE<\/span><\/h3>\n","protected":false},"excerpt":{"rendered":"<p>ANNULE &#8211; ANNULE &#8211; ANNULE<br \/>\nPour cause de Coronavirus.<\/p>\n<p>Rendez-vous le 28 et 29 mars \u00e0 Grand-Rechain pour le 24\u00e8me week-end \u0153nologique. Des viticulteurs fran\u00e7ais se feront un plaisir de vous pr\u00e9senter leurs vins mis en bouteille dans leur propres chais.<\/p>\n","protected":false},"author":4,"featured_media":58617,"comment_status":"closed","ping_status":"closed","sticky":false,"template":"","format":"standard","meta":{"ngg_post_thumbnail":0,"footnotes":""},"categories":[55,54],"tags":[],"class_list":["post-58614","post","type-post","status-publish","format-standard","has-post-thumbnail","hentry","category-comite-du-cercle","category-week-end-oenologique"],"aioseo_notices":[],"_links":{"self":[{"href":"https:\/\/grand-rechain.be\/cms\/wp-json\/wp\/v2\/posts\/58614","targetHints":{"allow":["GET"]}}],"collection":[{"href":"https:\/\/grand-rechain.be\/cms\/wp-json\/wp\/v2\/posts"}],"about":[{"href":"https:\/\/grand-rechain.be\/cms\/wp-json\/wp\/v2\/types\/post"}],"author":[{"embeddable":true,"href":"https:\/\/grand-rechain.be\/cms\/wp-json\/wp\/v2\/users\/4"}],"replies":[{"embeddable":true,"href":"https:\/\/grand-rechain.be\/cms\/wp-json\/wp\/v2\/comments?post=58614"}],"version-history":[{"count":0,"href":"https:\/\/grand-rechain.be\/cms\/wp-json\/wp\/v2\/posts\/58614\/revisions"}],"wp:featuredmedia":[{"embeddable":true,"href":"https:\/\/grand-rechain.be\/cms\/wp-json\/wp\/v2\/media\/58617"}],"wp:attachment":[{"href":"https:\/\/grand-rechain.be\/cms\/wp-json\/wp\/v2\/media?parent=58614"}],"wp:term":[{"taxonomy":"category","embeddable":true,"href":"https:\/\/grand-rechain.be\/cms\/wp-json\/wp\/v2\/categories?post=58614"},{"taxonomy":"post_tag","embeddable":true,"href":"https:\/\/grand-rechain.be\/cms\/wp-json\/wp\/v2\/tags?post=58614"}],"curies":[{"name":"wp","href":"https:\/\/api.w.org\/{rel}","templated":true}]}}