{"id":58693,"date":"2021-02-27T23:23:56","date_gmt":"2021-02-27T22:23:56","guid":{"rendered":"https:\/\/grand-rechain.be\/cms\/?p=58693"},"modified":"2021-05-23T17:07:50","modified_gmt":"2021-05-23T15:07:50","slug":"24eme-bis-salon-du-vin-version-covid-19","status":"publish","type":"post","link":"https:\/\/grand-rechain.be\/cms\/24eme-bis-salon-du-vin-version-covid-19\/","title":{"rendered":"24\u00e8me (bis) Salon du Vin \u2013 version Covid 19"},"content":{"rendered":"\n<p style=\"text-align: center;\"><strong>CERCLE SAINT-AUGUSTIN<\/strong><\/p>\n<p style=\"text-align: center;\"><strong>GRAND-RECHAIN<\/strong><\/p>\n<p>Le Comit\u00e9 du Cercle Saint-Augustin de Grand-Rechain a le plaisir de vous annoncer un Salon du Vin compl\u00e8tement remani\u00e9 suite \u00e0 la pand\u00e9mie qui nous touche ainsi que nos amis vignerons fran\u00e7ais.<\/p>\n<p>En effet, nous ne voulons pas compl\u00e8tement nous couper de cet \u00e9v\u00e8nement si convivial ainsi que de l\u2019engouement qui l\u2019entoure<\/p>\n<p>Le principe est assez simple et repose sur la formule \u00ab&nbsp;command\u00e9\/emport\u00e9&nbsp;\u00bb dont voici les modalit\u00e9s&nbsp;:<\/p>\n<ul>\n<li>Vous \u00eates amateur de vins, vous \u00eates \u00ab&nbsp;visiteur\/client&nbsp;\u00bb du Salon de Grand-Rechain ou vous d\u00e9sirez simplement acheter quelques bonnes bouteilles parmi les vignerons participants et dont les coordonn\u00e9es se trouvent ci-apr\u00e8s, vous r\u00e9servez et commandez vos produits directement. Vous convenez avec lui des modalit\u00e9s de paiement et vous venez retirer vos commandes les 27 et 28, entre 9 et 17 heures, soit devant le Cercle soit aux vignerons qui seront pr\u00e9sents sur la place du village, avec les distanciations obligatoires et le port du masque. Pour autant que les commandes soient pay\u00e9es, il sera possible de s\u2019arranger avec le comit\u00e9 organisateur pour le retrait des commandes.<\/li>\n<li>Pour la reprise de vos commandes nous vous invitons \u00e0 respecter les r\u00e8gles de s\u00e9curit\u00e9 suivantes&nbsp;:\n<ul>\n<li>Vous venez seul(e)&nbsp;;<\/li>\n<li>Vous gardez une distance de 1,5 m entre vous et les autres visiteurs y compris dans l\u2019\u00e9ventuelle file d\u2019attente \u00e0 l\u2019ext\u00e9rieur&nbsp;;<\/li>\n<li>Vous vous d\u00e9sinfectez les mains s\u2019il faut entrer dans le Cercle&nbsp;;<\/li>\n<li>Vous portez un masque buccal&nbsp;;<\/li>\n<li>Vous payez directement au vigneron, si ce n\u2019est d\u00e9j\u00e0 fait et qui est recommand\u00e9, autant que possible par carte et de pr\u00e9f\u00e9rence sans contact,<\/li>\n<li>Il n\u2019y aura aucune consommation de boissons et\/ou de nourriture \u00e0 l\u2019int\u00e9rieur et \u00e0 l\u2019ext\u00e9rieur du Cercle.<\/li>\n<li>Une limite de 30 minutes s\u2019il faut entrer dans le Cercle.<\/li>\n<\/ul>\n<\/li>\n<\/ul>\n<p>Toutes ces dispositions sont susceptibles d\u2019\u00eatre modifi\u00e9es en fonction de l\u2019\u00e9volution de la situation sanitaire.<\/p>\n<p>Dans l\u2019espoir que cette formule vous conviendra et vous permettra de (re)constituer vos r\u00e9serves de ce divin breuvage pour des jours que nous esp\u00e9rons meilleurs.<\/p>\n<p>Ci-dessous, les divers vignerons qui vous invitent \u00e0 les contacter.<\/p>\n\n\n\n<hr class=\"wp-block-separator is-style-wide\"\/>\n\n\n\n<figure class=\"wp-block-image size-large\"><img loading=\"lazy\" decoding=\"async\" width=\"724\" height=\"1024\" src=\"https:\/\/grand-rechain.be\/cms\/wp-content\/uploads\/2021\/02\/jambon2021-724x1024.jpg\" alt=\"\" class=\"wp-image-58699\" srcset=\"https:\/\/grand-rechain.be\/cms\/wp-content\/uploads\/2021\/02\/jambon2021-724x1024.jpg 724w, https:\/\/grand-rechain.be\/cms\/wp-content\/uploads\/2021\/02\/jambon2021-scaled-600x849.jpg 600w, https:\/\/grand-rechain.be\/cms\/wp-content\/uploads\/2021\/02\/jambon2021-212x300.jpg 212w, https:\/\/grand-rechain.be\/cms\/wp-content\/uploads\/2021\/02\/jambon2021-768x1087.jpg 768w, https:\/\/grand-rechain.be\/cms\/wp-content\/uploads\/2021\/02\/jambon2021-1085x1536.jpg 1085w, https:\/\/grand-rechain.be\/cms\/wp-content\/uploads\/2021\/02\/jambon2021-1447x2048.jpg 1447w, https:\/\/grand-rechain.be\/cms\/wp-content\/uploads\/2021\/02\/jambon2021-scaled.jpg 1809w\" sizes=\"auto, (max-width: 724px) 100vw, 724px\" \/><\/figure>\n\n\n\n<hr class=\"wp-block-separator is-style-wide\"\/>\n\n\n\n<figure class=\"wp-block-image size-large\"><img loading=\"lazy\" decoding=\"async\" width=\"724\" height=\"1024\" src=\"https:\/\/grand-rechain.be\/cms\/wp-content\/uploads\/2021\/02\/meyer2021-724x1024.jpg\" alt=\"\" class=\"wp-image-58700\" srcset=\"https:\/\/grand-rechain.be\/cms\/wp-content\/uploads\/2021\/02\/meyer2021-724x1024.jpg 724w, https:\/\/grand-rechain.be\/cms\/wp-content\/uploads\/2021\/02\/meyer2021-scaled-600x849.jpg 600w, https:\/\/grand-rechain.be\/cms\/wp-content\/uploads\/2021\/02\/meyer2021-212x300.jpg 212w, https:\/\/grand-rechain.be\/cms\/wp-content\/uploads\/2021\/02\/meyer2021-768x1087.jpg 768w, https:\/\/grand-rechain.be\/cms\/wp-content\/uploads\/2021\/02\/meyer2021-1085x1536.jpg 1085w, https:\/\/grand-rechain.be\/cms\/wp-content\/uploads\/2021\/02\/meyer2021-1447x2048.jpg 1447w, https:\/\/grand-rechain.be\/cms\/wp-content\/uploads\/2021\/02\/meyer2021-scaled.jpg 1809w\" sizes=\"auto, (max-width: 724px) 100vw, 724px\" \/><\/figure>\n\n\n\n<hr class=\"wp-block-separator is-style-wide\"\/>\n\n\n\n<figure class=\"wp-block-image size-large\"><img loading=\"lazy\" decoding=\"async\" width=\"1024\" height=\"724\" src=\"https:\/\/grand-rechain.be\/cms\/wp-content\/uploads\/2021\/02\/guillot2021-1024x724.jpg\" alt=\"\" class=\"wp-image-58698\" srcset=\"https:\/\/grand-rechain.be\/cms\/wp-content\/uploads\/2021\/02\/guillot2021-1024x724.jpg 1024w, https:\/\/grand-rechain.be\/cms\/wp-content\/uploads\/2021\/02\/guillot2021-scaled-600x424.jpg 600w, https:\/\/grand-rechain.be\/cms\/wp-content\/uploads\/2021\/02\/guillot2021-300x212.jpg 300w, https:\/\/grand-rechain.be\/cms\/wp-content\/uploads\/2021\/02\/guillot2021-768x543.jpg 768w, https:\/\/grand-rechain.be\/cms\/wp-content\/uploads\/2021\/02\/guillot2021-1536x1086.jpg 1536w, https:\/\/grand-rechain.be\/cms\/wp-content\/uploads\/2021\/02\/guillot2021-2048x1448.jpg 2048w\" sizes=\"auto, (max-width: 1024px) 100vw, 1024px\" \/><\/figure>\n\n\n\n<hr class=\"wp-block-separator is-style-wide\"\/>\n\n\n\n<figure class=\"wp-block-image size-large\"><img loading=\"lazy\" decoding=\"async\" width=\"724\" height=\"1024\" src=\"https:\/\/grand-rechain.be\/cms\/wp-content\/uploads\/2021\/02\/domainelescardelines2021-724x1024.jpg\" alt=\"\" class=\"wp-image-58695\" srcset=\"https:\/\/grand-rechain.be\/cms\/wp-content\/uploads\/2021\/02\/domainelescardelines2021-724x1024.jpg 724w, https:\/\/grand-rechain.be\/cms\/wp-content\/uploads\/2021\/02\/domainelescardelines2021-scaled-600x849.jpg 600w, https:\/\/grand-rechain.be\/cms\/wp-content\/uploads\/2021\/02\/domainelescardelines2021-212x300.jpg 212w, https:\/\/grand-rechain.be\/cms\/wp-content\/uploads\/2021\/02\/domainelescardelines2021-768x1087.jpg 768w, https:\/\/grand-rechain.be\/cms\/wp-content\/uploads\/2021\/02\/domainelescardelines2021-1085x1536.jpg 1085w, https:\/\/grand-rechain.be\/cms\/wp-content\/uploads\/2021\/02\/domainelescardelines2021-1447x2048.jpg 1447w, https:\/\/grand-rechain.be\/cms\/wp-content\/uploads\/2021\/02\/domainelescardelines2021-scaled.jpg 1809w\" sizes=\"auto, (max-width: 724px) 100vw, 724px\" \/><\/figure>\n\n\n\n<hr class=\"wp-block-separator is-style-wide\"\/>\n\n\n\n<figure class=\"wp-block-image size-large\"><img loading=\"lazy\" decoding=\"async\" width=\"1024\" height=\"576\" src=\"https:\/\/grand-rechain.be\/cms\/wp-content\/uploads\/2021\/02\/duvernay12021-1024x576.jpg\" alt=\"\" class=\"wp-image-58696\" srcset=\"https:\/\/grand-rechain.be\/cms\/wp-content\/uploads\/2021\/02\/duvernay12021-1024x576.jpg 1024w, https:\/\/grand-rechain.be\/cms\/wp-content\/uploads\/2021\/02\/duvernay12021-scaled-600x338.jpg 600w, https:\/\/grand-rechain.be\/cms\/wp-content\/uploads\/2021\/02\/duvernay12021-300x169.jpg 300w, https:\/\/grand-rechain.be\/cms\/wp-content\/uploads\/2021\/02\/duvernay12021-768x432.jpg 768w, https:\/\/grand-rechain.be\/cms\/wp-content\/uploads\/2021\/02\/duvernay12021-1536x864.jpg 1536w, https:\/\/grand-rechain.be\/cms\/wp-content\/uploads\/2021\/02\/duvernay12021-2048x1152.jpg 2048w\" sizes=\"auto, (max-width: 1024px) 100vw, 1024px\" \/><\/figure>\n\n\n\n<figure class=\"wp-block-image size-large\"><img loading=\"lazy\" decoding=\"async\" width=\"724\" height=\"1024\" src=\"https:\/\/grand-rechain.be\/cms\/wp-content\/uploads\/2021\/02\/duvernay22021-724x1024.jpg\" alt=\"\" class=\"wp-image-58697\" srcset=\"https:\/\/grand-rechain.be\/cms\/wp-content\/uploads\/2021\/02\/duvernay22021-724x1024.jpg 724w, https:\/\/grand-rechain.be\/cms\/wp-content\/uploads\/2021\/02\/duvernay22021-scaled-600x848.jpg 600w, https:\/\/grand-rechain.be\/cms\/wp-content\/uploads\/2021\/02\/duvernay22021-212x300.jpg 212w, https:\/\/grand-rechain.be\/cms\/wp-content\/uploads\/2021\/02\/duvernay22021-768x1086.jpg 768w, https:\/\/grand-rechain.be\/cms\/wp-content\/uploads\/2021\/02\/duvernay22021-1086x1536.jpg 1086w, https:\/\/grand-rechain.be\/cms\/wp-content\/uploads\/2021\/02\/duvernay22021-1448x2048.jpg 1448w, https:\/\/grand-rechain.be\/cms\/wp-content\/uploads\/2021\/02\/duvernay22021-scaled.jpg 1811w\" sizes=\"auto, (max-width: 724px) 100vw, 724px\" \/><\/figure>\n\n\n\n<hr class=\"wp-block-separator is-style-wide\"\/>\n\n\n\n<figure class=\"wp-block-image size-large\"><img loading=\"lazy\" decoding=\"async\" width=\"1024\" height=\"717\" src=\"https:\/\/grand-rechain.be\/cms\/wp-content\/uploads\/2021\/02\/vordy12021-1024x717.jpg\" alt=\"\" class=\"wp-image-58701\" srcset=\"https:\/\/grand-rechain.be\/cms\/wp-content\/uploads\/2021\/02\/vordy12021-1024x717.jpg 1024w, https:\/\/grand-rechain.be\/cms\/wp-content\/uploads\/2021\/02\/vordy12021-scaled-600x420.jpg 600w, https:\/\/grand-rechain.be\/cms\/wp-content\/uploads\/2021\/02\/vordy12021-300x210.jpg 300w, https:\/\/grand-rechain.be\/cms\/wp-content\/uploads\/2021\/02\/vordy12021-768x538.jpg 768w, https:\/\/grand-rechain.be\/cms\/wp-content\/uploads\/2021\/02\/vordy12021-1536x1075.jpg 1536w, https:\/\/grand-rechain.be\/cms\/wp-content\/uploads\/2021\/02\/vordy12021-2048x1434.jpg 2048w\" sizes=\"auto, (max-width: 1024px) 100vw, 1024px\" \/><\/figure>\n\n\n\n<figure class=\"wp-block-image size-large\"><img loading=\"lazy\" decoding=\"async\" width=\"1024\" height=\"717\" src=\"https:\/\/grand-rechain.be\/cms\/wp-content\/uploads\/2021\/02\/vordy22021-1024x717.jpg\" alt=\"\" class=\"wp-image-58702\" srcset=\"https:\/\/grand-rechain.be\/cms\/wp-content\/uploads\/2021\/02\/vordy22021-1024x717.jpg 1024w, https:\/\/grand-rechain.be\/cms\/wp-content\/uploads\/2021\/02\/vordy22021-scaled-600x420.jpg 600w, https:\/\/grand-rechain.be\/cms\/wp-content\/uploads\/2021\/02\/vordy22021-300x210.jpg 300w, https:\/\/grand-rechain.be\/cms\/wp-content\/uploads\/2021\/02\/vordy22021-768x538.jpg 768w, https:\/\/grand-rechain.be\/cms\/wp-content\/uploads\/2021\/02\/vordy22021-1536x1075.jpg 1536w, https:\/\/grand-rechain.be\/cms\/wp-content\/uploads\/2021\/02\/vordy22021-2048x1434.jpg 2048w\" sizes=\"auto, (max-width: 1024px) 100vw, 1024px\" \/><\/figure>\n\n\n\n<figure class=\"wp-block-image size-large\"><img loading=\"lazy\" decoding=\"async\" width=\"590\" height=\"1024\" src=\"https:\/\/grand-rechain.be\/cms\/wp-content\/uploads\/2021\/02\/vordy32021-590x1024.jpg\" alt=\"\" class=\"wp-image-58703\" srcset=\"https:\/\/grand-rechain.be\/cms\/wp-content\/uploads\/2021\/02\/vordy32021-590x1024.jpg 590w, https:\/\/grand-rechain.be\/cms\/wp-content\/uploads\/2021\/02\/vordy32021-scaled-600x1041.jpg 600w, https:\/\/grand-rechain.be\/cms\/wp-content\/uploads\/2021\/02\/vordy32021-173x300.jpg 173w, https:\/\/grand-rechain.be\/cms\/wp-content\/uploads\/2021\/02\/vordy32021-768x1332.jpg 768w, https:\/\/grand-rechain.be\/cms\/wp-content\/uploads\/2021\/02\/vordy32021-886x1536.jpg 886w, https:\/\/grand-rechain.be\/cms\/wp-content\/uploads\/2021\/02\/vordy32021-1181x2048.jpg 1181w, https:\/\/grand-rechain.be\/cms\/wp-content\/uploads\/2021\/02\/vordy32021-scaled.jpg 1476w\" sizes=\"auto, (max-width: 590px) 100vw, 590px\" \/><\/figure>\n\n\n","protected":false},"excerpt":{"rendered":"<p>Le Comit\u00e9 du Cercle Saint-Augustin de Grand-Rechain a le plaisir de vous annoncer un Salon du Vin compl\u00e8tement remani\u00e9 suite \u00e0 la pand\u00e9mie qui nous touche ainsi que nos amis vignerons fran\u00e7ais.<\/p>\n","protected":false},"author":1,"featured_media":58701,"comment_status":"closed","ping_status":"closed","sticky":false,"template":"","format":"standard","meta":{"ngg_post_thumbnail":0,"footnotes":""},"categories":[55,54],"tags":[],"class_list":["post-58693","post","type-post","status-publish","format-standard","has-post-thumbnail","hentry","category-comite-du-cercle","category-week-end-oenologique"],"aioseo_notices":[],"_links":{"self":[{"href":"https:\/\/grand-rechain.be\/cms\/wp-json\/wp\/v2\/posts\/58693","targetHints":{"allow":["GET"]}}],"collection":[{"href":"https:\/\/grand-rechain.be\/cms\/wp-json\/wp\/v2\/posts"}],"about":[{"href":"https:\/\/grand-rechain.be\/cms\/wp-json\/wp\/v2\/types\/post"}],"author":[{"embeddable":true,"href":"https:\/\/grand-rechain.be\/cms\/wp-json\/wp\/v2\/users\/1"}],"replies":[{"embeddable":true,"href":"https:\/\/grand-rechain.be\/cms\/wp-json\/wp\/v2\/comments?post=58693"}],"version-history":[{"count":0,"href":"https:\/\/grand-rechain.be\/cms\/wp-json\/wp\/v2\/posts\/58693\/revisions"}],"wp:featuredmedia":[{"embeddable":true,"href":"https:\/\/grand-rechain.be\/cms\/wp-json\/wp\/v2\/media\/58701"}],"wp:attachment":[{"href":"https:\/\/grand-rechain.be\/cms\/wp-json\/wp\/v2\/media?parent=58693"}],"wp:term":[{"taxonomy":"category","embeddable":true,"href":"https:\/\/grand-rechain.be\/cms\/wp-json\/wp\/v2\/categories?post=58693"},{"taxonomy":"post_tag","embeddable":true,"href":"https:\/\/grand-rechain.be\/cms\/wp-json\/wp\/v2\/tags?post=58693"}],"curies":[{"name":"wp","href":"https:\/\/api.w.org\/{rel}","templated":true}]}}