{"id":58707,"date":"2021-03-30T19:00:57","date_gmt":"2021-03-30T17:00:57","guid":{"rendered":"https:\/\/grand-rechain.be\/cms\/?p=58707"},"modified":"2021-05-23T17:06:49","modified_gmt":"2021-05-23T15:06:49","slug":"reservation-dejeuner-a-domicile","status":"publish","type":"post","link":"https:\/\/grand-rechain.be\/cms\/reservation-dejeuner-a-domicile\/","title":{"rendered":"R\u00e9servation d\u00e9jeuner \u00e0 domicile"},"content":{"rendered":"\n<figure class=\"wp-block-image size-full\"><img loading=\"lazy\" decoding=\"async\" width=\"1161\" height=\"1600\" src=\"https:\/\/grand-rechain.be\/cms\/wp-content\/uploads\/2021\/03\/dejeunerrs052021.jpg\" alt=\"\" class=\"wp-image-58722\" srcset=\"https:\/\/grand-rechain.be\/cms\/wp-content\/uploads\/2021\/03\/dejeunerrs052021.jpg 1161w, https:\/\/grand-rechain.be\/cms\/wp-content\/uploads\/2021\/03\/dejeunerrs052021-600x827.jpg 600w, https:\/\/grand-rechain.be\/cms\/wp-content\/uploads\/2021\/03\/dejeunerrs052021-218x300.jpg 218w, https:\/\/grand-rechain.be\/cms\/wp-content\/uploads\/2021\/03\/dejeunerrs052021-743x1024.jpg 743w, https:\/\/grand-rechain.be\/cms\/wp-content\/uploads\/2021\/03\/dejeunerrs052021-768x1058.jpg 768w, https:\/\/grand-rechain.be\/cms\/wp-content\/uploads\/2021\/03\/dejeunerrs052021-1115x1536.jpg 1115w\" sizes=\"auto, (max-width: 1161px) 100vw, 1161px\" \/><\/figure>\n\n\n<p>Veuillez remplir le formulaire ci-dessous afin de r\u00e9server votre d\u00e9jeuner du dimanche 9 mai 2021.<\/p>\n<p>Apr\u00e8s inscription, la r\u00e9servation est \u00e0 confirmer via le paiement&nbsp; sur le compte BE71 8002 2074 2069 du R\u00e9veil Scolaire de Grand-Rechain avec comme communication \u00ab&nbsp;<i>NOM<\/i> + <i>PRENOM<\/i>, d\u00e9jeuner \u00bb<\/p>\n<p>Merci d&#8217;attendre la confirmation apr\u00e8s avoir cliqu\u00e9 sur &#8220;envoyer ma r\u00e9servation&#8221;<\/p>\n<p style=\"text-align: center;\">&#8212;&#8212;&#8212;&#8212;&#8212;&#8212;&#8212;&#8212;&#8212;&#8212;-<\/p>\n<p><span style=\"font-size: 14pt;\"><span style=\"color: #ff0000;\">Les r\u00e9servations sont cl\u00f4tur\u00e9es.<\/span> Pour des informations, vous pouvez contacter Flore au 0497\/06.51.66 (10h-15 ou 18h-20h).<\/span><\/p>\n\n","protected":false},"excerpt":{"rendered":"<p>Le R\u00e9veil Scolaire de Grand-Rechain vous propose de livrer votre d\u00e9jeuner \u00e0 domicile le 9 mai 2021. Pensez \u00e0 votre maman en ce jour de f\u00eate des m\u00e8res.<\/p>\n","protected":false},"author":1,"featured_media":58722,"comment_status":"closed","ping_status":"closed","sticky":false,"template":"","format":"standard","meta":{"ngg_post_thumbnail":0,"footnotes":""},"categories":[63,62],"tags":[],"class_list":["post-58707","post","type-post","status-publish","format-standard","has-post-thumbnail","hentry","category-dejeuner-a-domicile","category-reveil-scolaire"],"aioseo_notices":[],"aioseo_head":"\n\t\t<!-- All in One SEO 5.0.1.1 - aioseo.com -->\n\t<meta name=\"description\" content=\"Le R\u00e9veil Scolaire de Grand-Rechain vous propose de livrer votre d\u00e9jeuner \u00e0 domicile le 9 mai 2021. Pensez \u00e0 votre maman en ce jour de f\u00eate des m\u00e8res.\" \/>\n\t<meta name=\"robots\" content=\"max-image-preview:large\" \/>\n\t<meta name=\"author\" content=\"David\"\/>\n\t<meta name=\"google-site-verification\" content=\"HQG42ByboN7N_QHDYVvNEA02TwBdq6gL-n86yQamTfE\" \/>\n\t<link rel=\"canonical\" href=\"https:\/\/grand-rechain.be\/cms\/reservation-dejeuner-a-domicile\/\" \/>\n\t<meta name=\"generator\" content=\"All in One SEO (AIOSEO) 5.0.1.1\" \/>\n\t\t<meta property=\"og:locale\" content=\"fr_FR\" \/>\n\t\t<meta property=\"og:site_name\" content=\"Grand-Rechain.be \u2013 Bienvenue \u00e0 Grand-Rechain !\" \/>\n\t\t<meta property=\"og:type\" content=\"article\" \/>\n\t\t<meta property=\"og:title\" content=\"R\u00e9servation d\u00e9jeuner \u00e0 domicile | Grand-Rechain.be\" \/>\n\t\t<meta property=\"og:description\" content=\"Le R\u00e9veil Scolaire de Grand-Rechain vous propose de livrer votre d\u00e9jeuner \u00e0 domicile le 9 mai 2021. Pensez \u00e0 votre maman en ce jour de f\u00eate des m\u00e8res.\" \/>\n\t\t<meta property=\"og:url\" content=\"https:\/\/grand-rechain.be\/cms\/reservation-dejeuner-a-domicile\/\" \/>\n\t\t<meta property=\"og:image\" content=\"https:\/\/grand-rechain.be\/cms\/wp-content\/uploads\/2021\/03\/dejeunerrs052021.jpg\" \/>\n\t\t<meta property=\"og:image:secure_url\" content=\"https:\/\/grand-rechain.be\/cms\/wp-content\/uploads\/2021\/03\/dejeunerrs052021.jpg\" \/>\n\t\t<meta property=\"og:image:width\" content=\"1161\" \/>\n\t\t<meta property=\"og:image:height\" content=\"1600\" \/>\n\t\t<meta property=\"article:published_time\" content=\"2021-03-30T17:00:57+00:00\" \/>\n\t\t<meta property=\"article:modified_time\" content=\"2021-05-23T15:06:49+00:00\" \/>\n\t\t<meta property=\"article:publisher\" content=\"https:\/\/www.facebook.com\/comitedesfetesdegrandrechain\" \/>\n\t\t<script type=\"application\/ld+json\" class=\"aioseo-schema\">\n\t\t\t{\"@context\":\"https:\\\/\\\/schema.org\",\"@graph\":[{\"@type\":\"Article\",\"@id\":\"https:\\\/\\\/grand-rechain.be\\\/cms\\\/reservation-dejeuner-a-domicile\\\/#article\",\"name\":\"R\\u00e9servation d\\u00e9jeuner \\u00e0 domicile | Grand-Rechain.be\",\"headline\":\"R\\u00e9servation d\\u00e9jeuner \\u00e0 domicile\",\"author\":{\"@id\":\"https:\\\/\\\/grand-rechain.be\\\/cms\\\/author\\\/david\\\/#author\"},\"publisher\":{\"@id\":\"https:\\\/\\\/grand-rechain.be\\\/cms\\\/#organization\"},\"image\":{\"@type\":\"ImageObject\",\"url\":\"https:\\\/\\\/grand-rechain.be\\\/cms\\\/wp-content\\\/uploads\\\/2021\\\/03\\\/dejeunerrs052021.jpg\",\"width\":1161,\"height\":1600},\"datePublished\":\"2021-03-30T19:00:57+02:00\",\"dateModified\":\"2021-05-23T17:06:49+02:00\",\"inLanguage\":\"fr-FR\",\"mainEntityOfPage\":{\"@id\":\"https:\\\/\\\/grand-rechain.be\\\/cms\\\/reservation-dejeuner-a-domicile\\\/#webpage\"},\"isPartOf\":{\"@id\":\"https:\\\/\\\/grand-rechain.be\\\/cms\\\/reservation-dejeuner-a-domicile\\\/#webpage\"},\"articleSection\":\"D\\u00e9jeuner \\u00e0 domicile, R\\u00e9veil Scolaire\"},{\"@type\":\"BreadcrumbList\",\"@id\":\"https:\\\/\\\/grand-rechain.be\\\/cms\\\/reservation-dejeuner-a-domicile\\\/#breadcrumblist\",\"itemListElement\":[{\"@type\":\"ListItem\",\"@id\":\"https:\\\/\\\/grand-rechain.be\\\/cms#listItem\",\"position\":1,\"name\":\"Accueil\",\"item\":\"https:\\\/\\\/grand-rechain.be\\\/cms\",\"nextItem\":{\"@type\":\"ListItem\",\"@id\":\"https:\\\/\\\/grand-rechain.be\\\/cms\\\/category\\\/reveil-scolaire\\\/#listItem\",\"name\":\"R\\u00e9veil Scolaire\"}},{\"@type\":\"ListItem\",\"@id\":\"https:\\\/\\\/grand-rechain.be\\\/cms\\\/category\\\/reveil-scolaire\\\/#listItem\",\"position\":2,\"name\":\"R\\u00e9veil Scolaire\",\"item\":\"https:\\\/\\\/grand-rechain.be\\\/cms\\\/category\\\/reveil-scolaire\\\/\",\"nextItem\":{\"@type\":\"ListItem\",\"@id\":\"https:\\\/\\\/grand-rechain.be\\\/cms\\\/category\\\/reveil-scolaire\\\/dejeuner-a-domicile\\\/#listItem\",\"name\":\"D\\u00e9jeuner \\u00e0 domicile\"},\"previousItem\":{\"@type\":\"ListItem\",\"@id\":\"https:\\\/\\\/grand-rechain.be\\\/cms#listItem\",\"name\":\"Accueil\"}},{\"@type\":\"ListItem\",\"@id\":\"https:\\\/\\\/grand-rechain.be\\\/cms\\\/category\\\/reveil-scolaire\\\/dejeuner-a-domicile\\\/#listItem\",\"position\":3,\"name\":\"D\\u00e9jeuner \\u00e0 domicile\",\"item\":\"https:\\\/\\\/grand-rechain.be\\\/cms\\\/category\\\/reveil-scolaire\\\/dejeuner-a-domicile\\\/\",\"nextItem\":{\"@type\":\"ListItem\",\"@id\":\"https:\\\/\\\/grand-rechain.be\\\/cms\\\/reservation-dejeuner-a-domicile\\\/#listItem\",\"name\":\"R\\u00e9servation d\\u00e9jeuner \\u00e0 domicile\"},\"previousItem\":{\"@type\":\"ListItem\",\"@id\":\"https:\\\/\\\/grand-rechain.be\\\/cms\\\/category\\\/reveil-scolaire\\\/#listItem\",\"name\":\"R\\u00e9veil Scolaire\"}},{\"@type\":\"ListItem\",\"@id\":\"https:\\\/\\\/grand-rechain.be\\\/cms\\\/reservation-dejeuner-a-domicile\\\/#listItem\",\"position\":4,\"name\":\"R\\u00e9servation d\\u00e9jeuner \\u00e0 domicile\",\"previousItem\":{\"@type\":\"ListItem\",\"@id\":\"https:\\\/\\\/grand-rechain.be\\\/cms\\\/category\\\/reveil-scolaire\\\/dejeuner-a-domicile\\\/#listItem\",\"name\":\"D\\u00e9jeuner \\u00e0 domicile\"}}]},{\"@type\":\"Organization\",\"@id\":\"https:\\\/\\\/grand-rechain.be\\\/cms\\\/#organization\",\"name\":\"Grand-Rechain\",\"description\":\"Bienvenue \\u00e0 Grand-Rechain !\",\"url\":\"https:\\\/\\\/grand-rechain.be\\\/cms\\\/\",\"logo\":{\"@type\":\"ImageObject\",\"url\":\"https:\\\/\\\/grand-rechain.be\\\/cms\\\/wp-content\\\/uploads\\\/2021\\\/02\\\/favicon.jpg\",\"@id\":\"https:\\\/\\\/grand-rechain.be\\\/cms\\\/reservation-dejeuner-a-domicile\\\/#organizationLogo\",\"width\":112,\"height\":112},\"image\":{\"@id\":\"https:\\\/\\\/grand-rechain.be\\\/cms\\\/reservation-dejeuner-a-domicile\\\/#organizationLogo\"}},{\"@type\":\"Person\",\"@id\":\"https:\\\/\\\/grand-rechain.be\\\/cms\\\/author\\\/david\\\/#author\",\"url\":\"https:\\\/\\\/grand-rechain.be\\\/cms\\\/author\\\/david\\\/\",\"name\":\"David\"},{\"@type\":\"WebPage\",\"@id\":\"https:\\\/\\\/grand-rechain.be\\\/cms\\\/reservation-dejeuner-a-domicile\\\/#webpage\",\"url\":\"https:\\\/\\\/grand-rechain.be\\\/cms\\\/reservation-dejeuner-a-domicile\\\/\",\"name\":\"R\\u00e9servation d\\u00e9jeuner \\u00e0 domicile | Grand-Rechain.be\",\"description\":\"Le R\\u00e9veil Scolaire de Grand-Rechain vous propose de livrer votre d\\u00e9jeuner \\u00e0 domicile le 9 mai 2021. Pensez \\u00e0 votre maman en ce jour de f\\u00eate des m\\u00e8res.\",\"inLanguage\":\"fr-FR\",\"isPartOf\":{\"@id\":\"https:\\\/\\\/grand-rechain.be\\\/cms\\\/#website\"},\"breadcrumb\":{\"@id\":\"https:\\\/\\\/grand-rechain.be\\\/cms\\\/reservation-dejeuner-a-domicile\\\/#breadcrumblist\"},\"author\":{\"@id\":\"https:\\\/\\\/grand-rechain.be\\\/cms\\\/author\\\/david\\\/#author\"},\"creator\":{\"@id\":\"https:\\\/\\\/grand-rechain.be\\\/cms\\\/author\\\/david\\\/#author\"},\"image\":{\"@type\":\"ImageObject\",\"url\":\"https:\\\/\\\/grand-rechain.be\\\/cms\\\/wp-content\\\/uploads\\\/2021\\\/03\\\/dejeunerrs052021.jpg\",\"@id\":\"https:\\\/\\\/grand-rechain.be\\\/cms\\\/reservation-dejeuner-a-domicile\\\/#mainImage\",\"width\":1161,\"height\":1600},\"primaryImageOfPage\":{\"@id\":\"https:\\\/\\\/grand-rechain.be\\\/cms\\\/reservation-dejeuner-a-domicile\\\/#mainImage\"},\"datePublished\":\"2021-03-30T19:00:57+02:00\",\"dateModified\":\"2021-05-23T17:06:49+02:00\"},{\"@type\":\"WebSite\",\"@id\":\"https:\\\/\\\/grand-rechain.be\\\/cms\\\/#website\",\"url\":\"https:\\\/\\\/grand-rechain.be\\\/cms\\\/\",\"name\":\"Grand-Rechain.be\",\"description\":\"Bienvenue \\u00e0 Grand-Rechain !\",\"inLanguage\":\"fr-FR\",\"publisher\":{\"@id\":\"https:\\\/\\\/grand-rechain.be\\\/cms\\\/#organization\"}}]}\n\t\t<\/script>\n\t\t<!-- All in One SEO -->\n\n","aioseo_head_json":{"title":"R\u00e9servation d\u00e9jeuner \u00e0 domicile | Grand-Rechain.be","description":"Le R\u00e9veil Scolaire de Grand-Rechain vous propose de livrer votre d\u00e9jeuner \u00e0 domicile le 9 mai 2021. Pensez \u00e0 votre maman en ce jour de f\u00eate des m\u00e8res.","canonical_url":"https:\/\/grand-rechain.be\/cms\/reservation-dejeuner-a-domicile\/","robots":"max-image-preview:large","keywords":"","webmasterTools":{"google-site-verification":"HQG42ByboN7N_QHDYVvNEA02TwBdq6gL-n86yQamTfE","miscellaneous":""},"schema":{"@context":"https:\/\/schema.org","@graph":[{"@type":"Article","@id":"https:\/\/grand-rechain.be\/cms\/reservation-dejeuner-a-domicile\/#article","name":"R\u00e9servation d\u00e9jeuner \u00e0 domicile | Grand-Rechain.be","headline":"R\u00e9servation d\u00e9jeuner \u00e0 domicile","author":{"@id":"https:\/\/grand-rechain.be\/cms\/author\/david\/#author"},"publisher":{"@id":"https:\/\/grand-rechain.be\/cms\/#organization"},"image":{"@type":"ImageObject","url":"https:\/\/grand-rechain.be\/cms\/wp-content\/uploads\/2021\/03\/dejeunerrs052021.jpg","width":1161,"height":1600},"datePublished":"2021-03-30T19:00:57+02:00","dateModified":"2021-05-23T17:06:49+02:00","inLanguage":"fr-FR","mainEntityOfPage":{"@id":"https:\/\/grand-rechain.be\/cms\/reservation-dejeuner-a-domicile\/#webpage"},"isPartOf":{"@id":"https:\/\/grand-rechain.be\/cms\/reservation-dejeuner-a-domicile\/#webpage"},"articleSection":"D\u00e9jeuner \u00e0 domicile, R\u00e9veil Scolaire"},{"@type":"BreadcrumbList","@id":"https:\/\/grand-rechain.be\/cms\/reservation-dejeuner-a-domicile\/#breadcrumblist","itemListElement":[{"@type":"ListItem","@id":"https:\/\/grand-rechain.be\/cms#listItem","position":1,"name":"Accueil","item":"https:\/\/grand-rechain.be\/cms","nextItem":{"@type":"ListItem","@id":"https:\/\/grand-rechain.be\/cms\/category\/reveil-scolaire\/#listItem","name":"R\u00e9veil Scolaire"}},{"@type":"ListItem","@id":"https:\/\/grand-rechain.be\/cms\/category\/reveil-scolaire\/#listItem","position":2,"name":"R\u00e9veil Scolaire","item":"https:\/\/grand-rechain.be\/cms\/category\/reveil-scolaire\/","nextItem":{"@type":"ListItem","@id":"https:\/\/grand-rechain.be\/cms\/category\/reveil-scolaire\/dejeuner-a-domicile\/#listItem","name":"D\u00e9jeuner \u00e0 domicile"},"previousItem":{"@type":"ListItem","@id":"https:\/\/grand-rechain.be\/cms#listItem","name":"Accueil"}},{"@type":"ListItem","@id":"https:\/\/grand-rechain.be\/cms\/category\/reveil-scolaire\/dejeuner-a-domicile\/#listItem","position":3,"name":"D\u00e9jeuner \u00e0 domicile","item":"https:\/\/grand-rechain.be\/cms\/category\/reveil-scolaire\/dejeuner-a-domicile\/","nextItem":{"@type":"ListItem","@id":"https:\/\/grand-rechain.be\/cms\/reservation-dejeuner-a-domicile\/#listItem","name":"R\u00e9servation d\u00e9jeuner \u00e0 domicile"},"previousItem":{"@type":"ListItem","@id":"https:\/\/grand-rechain.be\/cms\/category\/reveil-scolaire\/#listItem","name":"R\u00e9veil Scolaire"}},{"@type":"ListItem","@id":"https:\/\/grand-rechain.be\/cms\/reservation-dejeuner-a-domicile\/#listItem","position":4,"name":"R\u00e9servation d\u00e9jeuner \u00e0 domicile","previousItem":{"@type":"ListItem","@id":"https:\/\/grand-rechain.be\/cms\/category\/reveil-scolaire\/dejeuner-a-domicile\/#listItem","name":"D\u00e9jeuner \u00e0 domicile"}}]},{"@type":"Organization","@id":"https:\/\/grand-rechain.be\/cms\/#organization","name":"Grand-Rechain","description":"Bienvenue \u00e0 Grand-Rechain !","url":"https:\/\/grand-rechain.be\/cms\/","logo":{"@type":"ImageObject","url":"https:\/\/grand-rechain.be\/cms\/wp-content\/uploads\/2021\/02\/favicon.jpg","@id":"https:\/\/grand-rechain.be\/cms\/reservation-dejeuner-a-domicile\/#organizationLogo","width":112,"height":112},"image":{"@id":"https:\/\/grand-rechain.be\/cms\/reservation-dejeuner-a-domicile\/#organizationLogo"}},{"@type":"Person","@id":"https:\/\/grand-rechain.be\/cms\/author\/david\/#author","url":"https:\/\/grand-rechain.be\/cms\/author\/david\/","name":"David"},{"@type":"WebPage","@id":"https:\/\/grand-rechain.be\/cms\/reservation-dejeuner-a-domicile\/#webpage","url":"https:\/\/grand-rechain.be\/cms\/reservation-dejeuner-a-domicile\/","name":"R\u00e9servation d\u00e9jeuner \u00e0 domicile | Grand-Rechain.be","description":"Le R\u00e9veil Scolaire de Grand-Rechain vous propose de livrer votre d\u00e9jeuner \u00e0 domicile le 9 mai 2021. Pensez \u00e0 votre maman en ce jour de f\u00eate des m\u00e8res.","inLanguage":"fr-FR","isPartOf":{"@id":"https:\/\/grand-rechain.be\/cms\/#website"},"breadcrumb":{"@id":"https:\/\/grand-rechain.be\/cms\/reservation-dejeuner-a-domicile\/#breadcrumblist"},"author":{"@id":"https:\/\/grand-rechain.be\/cms\/author\/david\/#author"},"creator":{"@id":"https:\/\/grand-rechain.be\/cms\/author\/david\/#author"},"image":{"@type":"ImageObject","url":"https:\/\/grand-rechain.be\/cms\/wp-content\/uploads\/2021\/03\/dejeunerrs052021.jpg","@id":"https:\/\/grand-rechain.be\/cms\/reservation-dejeuner-a-domicile\/#mainImage","width":1161,"height":1600},"primaryImageOfPage":{"@id":"https:\/\/grand-rechain.be\/cms\/reservation-dejeuner-a-domicile\/#mainImage"},"datePublished":"2021-03-30T19:00:57+02:00","dateModified":"2021-05-23T17:06:49+02:00"},{"@type":"WebSite","@id":"https:\/\/grand-rechain.be\/cms\/#website","url":"https:\/\/grand-rechain.be\/cms\/","name":"Grand-Rechain.be","description":"Bienvenue \u00e0 Grand-Rechain !","inLanguage":"fr-FR","publisher":{"@id":"https:\/\/grand-rechain.be\/cms\/#organization"}}]},"og:locale":"fr_FR","og:site_name":"Grand-Rechain.be \u2013 Bienvenue \u00e0 Grand-Rechain !","og:type":"article","og:title":"R\u00e9servation d\u00e9jeuner \u00e0 domicile | Grand-Rechain.be","og:description":"Le R\u00e9veil Scolaire de Grand-Rechain vous propose de livrer votre d\u00e9jeuner \u00e0 domicile le 9 mai 2021. Pensez \u00e0 votre maman en ce jour de f\u00eate des m\u00e8res.","og:url":"https:\/\/grand-rechain.be\/cms\/reservation-dejeuner-a-domicile\/","og:image":"https:\/\/grand-rechain.be\/cms\/wp-content\/uploads\/2021\/03\/dejeunerrs052021.jpg","og:image:secure_url":"https:\/\/grand-rechain.be\/cms\/wp-content\/uploads\/2021\/03\/dejeunerrs052021.jpg","og:image:width":1161,"og:image:height":1600,"article:published_time":"2021-03-30T17:00:57+00:00","article:modified_time":"2021-05-23T15:06:49+00:00","article:publisher":"https:\/\/www.facebook.com\/comitedesfetesdegrandrechain"},"aioseo_meta_data":{"post_id":"58707","title":null,"description":null,"keywords":[],"keyphrases":{"focus":[],"additional":[]},"primary_term":null,"canonical_url":null,"og_title":null,"og_description":null,"og_object_type":"default","og_image_type":"default","og_image_url":null,"og_image_width":null,"og_image_height":null,"og_image_custom_url":null,"og_image_custom_fields":null,"og_video":"","og_custom_url":null,"og_article_section":null,"og_article_tags":[],"twitter_use_og":false,"twitter_card":"default","twitter_image_type":"default","twitter_image_url":null,"twitter_image_custom_url":null,"twitter_image_custom_fields":null,"twitter_title":null,"twitter_description":null,"schema":{"blockGraphs":[],"customGraphs":[],"default":{"data":{"Article":[],"Course":[],"Dataset":[],"FAQPage":[],"Movie":[],"Person":[],"Product":[],"ProductReview":[],"Car":[],"Recipe":[],"Service":[],"SoftwareApplication":[],"WebPage":[]},"graphName":"","isEnabled":true},"graphs":[],"defaultGraph":"Article","defaultPostTypeGraph":""},"schema_type":"default","schema_type_options":"{\"article\":{\"articleType\":\"BlogPosting\"},\"course\":{\"name\":\"\",\"description\":\"\",\"provider\":\"\"},\"faq\":{\"pages\":[]},\"product\":{\"reviews\":[]},\"recipe\":{\"ingredients\":[],\"instructions\":[],\"keywords\":[]},\"software\":{\"reviews\":[],\"operatingSystems\":[]},\"webPage\":{\"webPageType\":\"WebPage\"}}","pillar_content":false,"robots_default":true,"robots_noindex":false,"robots_noarchive":false,"robots_nosnippet":false,"robots_nofollow":false,"robots_noimageindex":false,"robots_noodp":false,"robots_notranslate":false,"robots_max_snippet":"-1","robots_max_videopreview":"-1","robots_max_imagepreview":"large","priority":null,"frequency":"default","location":null,"local_seo":{"businessInfo":{"name":"","urls":{"website":"","aboutPage":"","contactPage":""},"address":{"line1":"","line2":"","zip":"","city":"","state":"","country":""},"contact":{"email":"","phone":"","fax":""},"ids":{"vatID":"","taxID":"","chamberID":""},"payment":{"priceIndication":"","currenciesAccepted":"","methodsAccepted":""},"areaServed":""},"openingHours":{"show":false,"closedLabel":"","open24h":false,"open24hLabel":"","open247":false,"use24hFormat":false,"twoSets":false,"timezone":"","hours":[]}},"breadcrumb_settings":null,"limit_modified_date":false,"ai":null,"created":"2021-03-14 11:14:26","updated":"2025-06-15 12:27:07","seo_analyzer_scan_date":null,"focus_keyword":null,"additional_keywords":null,"truseo_locale":null},"_links":{"self":[{"href":"https:\/\/grand-rechain.be\/cms\/wp-json\/wp\/v2\/posts\/58707","targetHints":{"allow":["GET"]}}],"collection":[{"href":"https:\/\/grand-rechain.be\/cms\/wp-json\/wp\/v2\/posts"}],"about":[{"href":"https:\/\/grand-rechain.be\/cms\/wp-json\/wp\/v2\/types\/post"}],"author":[{"embeddable":true,"href":"https:\/\/grand-rechain.be\/cms\/wp-json\/wp\/v2\/users\/1"}],"replies":[{"embeddable":true,"href":"https:\/\/grand-rechain.be\/cms\/wp-json\/wp\/v2\/comments?post=58707"}],"version-history":[{"count":0,"href":"https:\/\/grand-rechain.be\/cms\/wp-json\/wp\/v2\/posts\/58707\/revisions"}],"wp:featuredmedia":[{"embeddable":true,"href":"https:\/\/grand-rechain.be\/cms\/wp-json\/wp\/v2\/media\/58722"}],"wp:attachment":[{"href":"https:\/\/grand-rechain.be\/cms\/wp-json\/wp\/v2\/media?parent=58707"}],"wp:term":[{"taxonomy":"category","embeddable":true,"href":"https:\/\/grand-rechain.be\/cms\/wp-json\/wp\/v2\/categories?post=58707"},{"taxonomy":"post_tag","embeddable":true,"href":"https:\/\/grand-rechain.be\/cms\/wp-json\/wp\/v2\/tags?post=58707"}],"curies":[{"name":"wp","href":"https:\/\/api.w.org\/{rel}","templated":true}]}}