{"id":58998,"date":"2022-06-08T18:00:00","date_gmt":"2022-06-08T16:00:00","guid":{"rendered":"https:\/\/grand-rechain.be\/cms\/?p=58998"},"modified":"2022-07-26T14:37:52","modified_gmt":"2022-07-26T12:37:52","slug":"balade-velo-dimanche-3-juillet-2022","status":"publish","type":"post","link":"https:\/\/grand-rechain.be\/cms\/balade-velo-dimanche-3-juillet-2022\/","title":{"rendered":"Balade v\u00e9lo \u2013 Dimanche 3 Juillet 2022"},"content":{"rendered":"\n<figure class=\"wp-block-image size-large\"><img loading=\"lazy\" decoding=\"async\" width=\"1024\" height=\"677\" src=\"https:\/\/grand-rechain.be\/cms\/wp-content\/uploads\/2021\/06\/baladevelo2022-1024x677.jpg\" alt=\"\" class=\"wp-image-58993\" srcset=\"https:\/\/grand-rechain.be\/cms\/wp-content\/uploads\/2021\/06\/baladevelo2022-1024x677.jpg 1024w, https:\/\/grand-rechain.be\/cms\/wp-content\/uploads\/2021\/06\/baladevelo2022-600x397.jpg 600w, https:\/\/grand-rechain.be\/cms\/wp-content\/uploads\/2021\/06\/baladevelo2022-300x198.jpg 300w, https:\/\/grand-rechain.be\/cms\/wp-content\/uploads\/2021\/06\/baladevelo2022-768x508.jpg 768w, https:\/\/grand-rechain.be\/cms\/wp-content\/uploads\/2021\/06\/baladevelo2022-1536x1016.jpg 1536w, https:\/\/grand-rechain.be\/cms\/wp-content\/uploads\/2021\/06\/baladevelo2022.jpg 1600w\" sizes=\"auto, (max-width: 1024px) 100vw, 1024px\" \/><\/figure>\n\n\n<div class=\"wp-block-image\">\n<figure class=\"aligncenter size-full\"><img loading=\"lazy\" decoding=\"async\" width=\"720\" height=\"1018\" src=\"https:\/\/grand-rechain.be\/cms\/wp-content\/uploads\/2021\/06\/affichebaladevelo2022.jpg\" alt=\"\" class=\"wp-image-58992\" srcset=\"https:\/\/grand-rechain.be\/cms\/wp-content\/uploads\/2021\/06\/affichebaladevelo2022.jpg 720w, https:\/\/grand-rechain.be\/cms\/wp-content\/uploads\/2021\/06\/affichebaladevelo2022-600x848.jpg 600w, https:\/\/grand-rechain.be\/cms\/wp-content\/uploads\/2021\/06\/affichebaladevelo2022-212x300.jpg 212w\" sizes=\"auto, (max-width: 720px) 100vw, 720px\" \/><\/figure>\n<\/div>\n\n\n<p>Pour la 12e ann\u00e9e, les communes de Baelen, Dison, Limbourg (Dolhain), Jalhay, Herve, Olne, Pepinster et Verviers, ainsi que l\u2019office du tourisme de Jalhay-Sart, la Maison du Tourisme du Pays de Herve et celle du Pays de Vesdre s\u2019associent de nouveau pour proposer aux familles un nouveau cycle des balades v\u00e9los de l\u2019\u00e9t\u00e9. Ainsi, entre le 19 juin et le 18 septembre 2022, 10 itin\u00e9raires in\u00e9dits leur seront propos\u00e9s. Ceux-ci, dont la longueur varie entre 10 et 30km, sont organis\u00e9s le dimanche.<\/p>\n\n\n\n<p>Ces balades ont pour particularit\u00e9 principale d\u2019\u00eatre effectu\u00e9es sur un rythme de promenade pure. Il n\u2019est donc pas question ici de parler de performance sportive mais bien d\u2019allier \u00e0 une pratique sportive douce la d\u00e9couverte des plus beaux paysages de notre r\u00e9gion. Les v\u00e9los munis d\u2019une assistance \u00e9lectrique sont bien entendus accept\u00e9s.<\/p>\n\n\n\n<p>Autres caract\u00e9ristiques int\u00e9ressantes : un petit d\u00e9jeuner est offert \u00e0 chaque participant d\u00e8s 9h ; le d\u00e9part group\u00e9 et encadr\u00e9 par des b\u00e9n\u00e9voles est donn\u00e9 \u00e0 10h pr\u00e9cises ; une collation l\u00e9g\u00e8re est distribu\u00e9e \u00e0 mi-parcours; enfin, une assistance technique est pr\u00e9vue pour effectuer de petites r\u00e9parations durant le parcours.<\/p>\n\n\n\n<p>Il est demand\u00e9 aux participants de se munir d\u2019un casque et de poss\u00e9der un v\u00e9lo en bon \u00e9tat (chacun vient avec son v\u00e9lo). Les enfants capables d\u00e8s 8 ans de parcourir les distances propos\u00e9es sont \u00e9videmment les bienvenus mais ils restent sous l\u2019autorit\u00e9 de leurs parents, en ce qui concerne notamment le respect du code de la route.<\/p>\n\n\n\n<p>100 petit-d\u00e9jeuners seront disponibles. En outre, le concours pour remporter un VTT d\u2019une valeur de 250 \u20ac est maintenu; il suffit de participer au moins \u00e0 l&#8217;une des 10 balades et de remplir le bulletin de participation au concours.<\/p>\n","protected":false},"excerpt":{"rendered":"<p>Balade v\u00e9lo familiale le dimanche 3 juillet 2022.<br \/>\nPetit d\u00e9jeuner offert.<\/p>\n","protected":false},"author":1,"featured_media":58993,"comment_status":"closed","ping_status":"closed","sticky":false,"template":"","format":"standard","meta":{"ngg_post_thumbnail":0,"footnotes":""},"categories":[42,22,67],"tags":[],"class_list":["post-58998","post","type-post","status-publish","format-standard","has-post-thumbnail","hentry","category-balade-velo","category-kermesse","category-kermesse-2022"],"aioseo_notices":[],"_links":{"self":[{"href":"https:\/\/grand-rechain.be\/cms\/wp-json\/wp\/v2\/posts\/58998","targetHints":{"allow":["GET"]}}],"collection":[{"href":"https:\/\/grand-rechain.be\/cms\/wp-json\/wp\/v2\/posts"}],"about":[{"href":"https:\/\/grand-rechain.be\/cms\/wp-json\/wp\/v2\/types\/post"}],"author":[{"embeddable":true,"href":"https:\/\/grand-rechain.be\/cms\/wp-json\/wp\/v2\/users\/1"}],"replies":[{"embeddable":true,"href":"https:\/\/grand-rechain.be\/cms\/wp-json\/wp\/v2\/comments?post=58998"}],"version-history":[{"count":0,"href":"https:\/\/grand-rechain.be\/cms\/wp-json\/wp\/v2\/posts\/58998\/revisions"}],"wp:featuredmedia":[{"embeddable":true,"href":"https:\/\/grand-rechain.be\/cms\/wp-json\/wp\/v2\/media\/58993"}],"wp:attachment":[{"href":"https:\/\/grand-rechain.be\/cms\/wp-json\/wp\/v2\/media?parent=58998"}],"wp:term":[{"taxonomy":"category","embeddable":true,"href":"https:\/\/grand-rechain.be\/cms\/wp-json\/wp\/v2\/categories?post=58998"},{"taxonomy":"post_tag","embeddable":true,"href":"https:\/\/grand-rechain.be\/cms\/wp-json\/wp\/v2\/tags?post=58998"}],"curies":[{"name":"wp","href":"https:\/\/api.w.org\/{rel}","templated":true}]}}