{"id":59042,"date":"2022-06-10T18:00:00","date_gmt":"2022-06-10T16:00:00","guid":{"rendered":"https:\/\/grand-rechain.be\/cms\/?p=59042"},"modified":"2022-07-01T10:27:40","modified_gmt":"2022-07-01T08:27:40","slug":"aubade-musicale-jeudi-30-juin-2022","status":"publish","type":"post","link":"https:\/\/grand-rechain.be\/cms\/aubade-musicale-jeudi-30-juin-2022\/","title":{"rendered":"Aubade musicale &#8211; Jeudi 30 juin 2022"},"content":{"rendered":"<div class=\"_10 _2wqp uiLayer _4-hy _3thl _3qw\">\n<div class=\"_59s7\">\n<div class=\"_4t2a\">\n<div class=\"_4-i2 _pig _416u _50f4 _5pfh\">\n<div id=\"u_1h_6\">\n<div class=\"_3l4o\" data-testid=\"event_create_dialog\">\n<div class=\"_4ixr\">\n<div class=\"_3875\">\n<div class=\"_3878\">\n<div class=\"_38mg clearfix _ikh\">\n<div class=\"_3879 _4bl9\">\n<div class=\"_mh-\">\n<div id=\"composer_text_input_box\" class=\"_56ji _5yk1\" data-interaction-root-id=\"_18p_\">\n<div class=\"_5yk2\" tabindex=\"-2\">\n<div class=\"_5rp7\">\n<div class=\"_5rpb\">\n<div class=\"notranslate _5rpu\" spellcheck=\"false\" data-testid=\"event-create-dialog-details-field\" contenteditable=\"true\">\n<div data-contents=\"true\">\n<div data-offset-key=\"esvlq-0-0\" data-block=\"true\" data-editor=\"c6v0u\">\n<div class=\"_1mf _1mj\" style=\"text-align: center;\" data-offset-key=\"esvlq-0-0\">&nbsp;<\/div>\n<div class=\"_1mf _1mj\" style=\"text-align: center;\" data-offset-key=\"esvlq-0-0\">\n<p>Accompagn\u00e9 d&#8217;un &#8220;Street Band&#8221;, rejoignez-nous pour arpenter les rues de notre beau village et faire arr\u00eat chez les habitants pour partager un verre offert par ceux-ci et le comit\u00e9.<\/p>\n<p>Vente de pains saucisses sur le parcours !<\/p>\n<p>Rendez-vous sur la place pour le d\u00e9part \u00e0 19h. Vous pouvez nous rejoindre tout au long du parcours (il suffit de suivre la musique \ud83d\ude00 )<\/p>\n<\/div>\n<\/div>\n<\/div>\n<\/div>\n<\/div>\n<\/div>\n<\/div>\n<\/div>\n<\/div>\n<\/div>\n<\/div>\n<\/div>\n<\/div>\n<\/div>\n<\/div>\n<\/div>\n<\/div>\n<\/div>\n<\/div>\n<\/div>\n\n<div class=\"wp-block-image\">\n<figure class=\"aligncenter size-full\"><img loading=\"lazy\" decoding=\"async\" width=\"724\" height=\"515\" src=\"https:\/\/grand-rechain.be\/cms\/wp-content\/uploads\/2022\/06\/parcoursaubade2022.jpg\" alt=\"\" class=\"wp-image-59043\" srcset=\"https:\/\/grand-rechain.be\/cms\/wp-content\/uploads\/2022\/06\/parcoursaubade2022.jpg 724w, https:\/\/grand-rechain.be\/cms\/wp-content\/uploads\/2022\/06\/parcoursaubade2022-600x427.jpg 600w, https:\/\/grand-rechain.be\/cms\/wp-content\/uploads\/2022\/06\/parcoursaubade2022-300x213.jpg 300w\" sizes=\"auto, (max-width: 724px) 100vw, 724px\" \/><\/figure>\n<\/div>","protected":false},"excerpt":{"rendered":"<p>Accompagn\u00e9 d&#8217;un &#8220;Street Band&#8221;, rejoignez-nous pour arpenter les rues de notre beau village et partager un verre !<\/p>\n","protected":false},"author":1,"featured_media":56621,"comment_status":"closed","ping_status":"closed","sticky":false,"template":"","format":"standard","meta":{"ngg_post_thumbnail":0,"footnotes":""},"categories":[60,6,22,67],"tags":[],"class_list":["post-59042","post","type-post","status-publish","format-standard","has-post-thumbnail","hentry","category-aubade-musicale","category-comite-des-fetes","category-kermesse","category-kermesse-2022"],"aioseo_notices":[],"_links":{"self":[{"href":"https:\/\/grand-rechain.be\/cms\/wp-json\/wp\/v2\/posts\/59042","targetHints":{"allow":["GET"]}}],"collection":[{"href":"https:\/\/grand-rechain.be\/cms\/wp-json\/wp\/v2\/posts"}],"about":[{"href":"https:\/\/grand-rechain.be\/cms\/wp-json\/wp\/v2\/types\/post"}],"author":[{"embeddable":true,"href":"https:\/\/grand-rechain.be\/cms\/wp-json\/wp\/v2\/users\/1"}],"replies":[{"embeddable":true,"href":"https:\/\/grand-rechain.be\/cms\/wp-json\/wp\/v2\/comments?post=59042"}],"version-history":[{"count":0,"href":"https:\/\/grand-rechain.be\/cms\/wp-json\/wp\/v2\/posts\/59042\/revisions"}],"wp:featuredmedia":[{"embeddable":true,"href":"https:\/\/grand-rechain.be\/cms\/wp-json\/wp\/v2\/media\/56621"}],"wp:attachment":[{"href":"https:\/\/grand-rechain.be\/cms\/wp-json\/wp\/v2\/media?parent=59042"}],"wp:term":[{"taxonomy":"category","embeddable":true,"href":"https:\/\/grand-rechain.be\/cms\/wp-json\/wp\/v2\/categories?post=59042"},{"taxonomy":"post_tag","embeddable":true,"href":"https:\/\/grand-rechain.be\/cms\/wp-json\/wp\/v2\/tags?post=59042"}],"curies":[{"name":"wp","href":"https:\/\/api.w.org\/{rel}","templated":true}]}}