{"id":59079,"date":"2022-09-14T17:00:00","date_gmt":"2022-09-14T15:00:00","guid":{"rendered":"https:\/\/grand-rechain.be\/cms\/?p=59079"},"modified":"2022-11-26T10:55:34","modified_gmt":"2022-11-26T09:55:34","slug":"concert-hommage-a-pierre-rapsat-25-11-2022","status":"publish","type":"post","link":"https:\/\/grand-rechain.be\/cms\/concert-hommage-a-pierre-rapsat-25-11-2022\/","title":{"rendered":"Concert &#8220;Hommage \u00e0 Pierre Rapsat&#8221;  25\/11\/2022"},"content":{"rendered":"<div class=\"wp-block-image\">\n<figure class=\"aligncenter size-large\"><img loading=\"lazy\" decoding=\"async\" width=\"724\" height=\"1024\" src=\"https:\/\/grand-rechain.be\/cms\/wp-content\/uploads\/2022\/09\/concertpr2022-724x1024.jpg\" alt=\"\" class=\"wp-image-59087\" srcset=\"https:\/\/grand-rechain.be\/cms\/wp-content\/uploads\/2022\/09\/concertpr2022-724x1024.jpg 724w, https:\/\/grand-rechain.be\/cms\/wp-content\/uploads\/2022\/09\/concertpr2022-600x849.jpg 600w, https:\/\/grand-rechain.be\/cms\/wp-content\/uploads\/2022\/09\/concertpr2022-212x300.jpg 212w, https:\/\/grand-rechain.be\/cms\/wp-content\/uploads\/2022\/09\/concertpr2022-768x1086.jpg 768w, https:\/\/grand-rechain.be\/cms\/wp-content\/uploads\/2022\/09\/concertpr2022-1086x1536.jpg 1086w, https:\/\/grand-rechain.be\/cms\/wp-content\/uploads\/2022\/09\/concertpr2022.jpg 1131w\" sizes=\"auto, (max-width: 724px) 100vw, 724px\" \/><\/figure>\n<\/div>\n\n<div data-extension-version=\"1.0.4\">\n<p style=\"text-align: center;\">Dans le cadre de notre 7\u00e8me March\u00e9 de No\u00ebl, concert &#8220;Hommage \u00e0 Pierre Rapsat&#8221; au profit du <strong>T\u00e9l\u00e9vie.<\/strong><\/p>\n<p><u>Quelques infos pratiques&nbsp;: <br><\/u>Ouverture des portes \u00e0 19h30. Concert \u00e0 20h00.<br>Places num\u00e9rot\u00e9es, listing des r\u00e9servations \u00e0 l\u2019entr\u00e9e.<br>Parking gratuit derri\u00e8re l\u2019\u00e9glise.<\/p>\n<p style=\"text-align: center;\">Le Comit\u00e9 des F\u00eates reversera l&#8217;int\u00e9gralit\u00e9 des b\u00e9n\u00e9fices de cet \u00e9v\u00e8nement au TELEVIE.<\/p>\n<\/div>\n<p>Les toutes derni\u00e8res places sont \u00e0 r\u00e9server par t\u00e9l\u00e9phone au 0494 877 777<\/p>\n<p><b><span lang=\"FR\">Votre r\u00e9servation de place(s) pour le concert n\u2019est effective qu\u2019une fois le paiement re\u00e7u sur le compte bancaire<\/span><\/b><span lang=\"FR\"> du Comit\u00e9 des F\u00eates de Grand-Rechain ASBL BE38 8002 2387 5472 avec la communication \u00ab&nbsp;CONCERT RAPSAT \u2013 NOM + PRENOM \u00bb.<\/span><\/p>","protected":false},"excerpt":{"rendered":"<p>Concert &#8220;Hommage \u00e0 Pierre Rapsat&#8221; au profit du T\u00e9l\u00e9vie <\/p>\n<p>R\u00e9servez vos places ici<\/p>\n<p>Dans le cadre de notre 7\u00e8me March\u00e9 de No\u00ebl<\/p>\n","protected":false},"author":1,"featured_media":59087,"comment_status":"closed","ping_status":"closed","sticky":false,"template":"","format":"standard","meta":{"ngg_post_thumbnail":0,"footnotes":""},"categories":[6,49,17],"tags":[],"class_list":["post-59079","post","type-post","status-publish","format-standard","has-post-thumbnail","hentry","category-comite-des-fetes","category-concert","category-marche-de-noel"],"aioseo_notices":[],"_links":{"self":[{"href":"https:\/\/grand-rechain.be\/cms\/wp-json\/wp\/v2\/posts\/59079","targetHints":{"allow":["GET"]}}],"collection":[{"href":"https:\/\/grand-rechain.be\/cms\/wp-json\/wp\/v2\/posts"}],"about":[{"href":"https:\/\/grand-rechain.be\/cms\/wp-json\/wp\/v2\/types\/post"}],"author":[{"embeddable":true,"href":"https:\/\/grand-rechain.be\/cms\/wp-json\/wp\/v2\/users\/1"}],"replies":[{"embeddable":true,"href":"https:\/\/grand-rechain.be\/cms\/wp-json\/wp\/v2\/comments?post=59079"}],"version-history":[{"count":0,"href":"https:\/\/grand-rechain.be\/cms\/wp-json\/wp\/v2\/posts\/59079\/revisions"}],"wp:featuredmedia":[{"embeddable":true,"href":"https:\/\/grand-rechain.be\/cms\/wp-json\/wp\/v2\/media\/59087"}],"wp:attachment":[{"href":"https:\/\/grand-rechain.be\/cms\/wp-json\/wp\/v2\/media?parent=59079"}],"wp:term":[{"taxonomy":"category","embeddable":true,"href":"https:\/\/grand-rechain.be\/cms\/wp-json\/wp\/v2\/categories?post=59079"},{"taxonomy":"post_tag","embeddable":true,"href":"https:\/\/grand-rechain.be\/cms\/wp-json\/wp\/v2\/tags?post=59079"}],"curies":[{"name":"wp","href":"https:\/\/api.w.org\/{rel}","templated":true}]}}