{"id":59119,"date":"2022-11-29T20:35:32","date_gmt":"2022-11-29T19:35:32","guid":{"rendered":"https:\/\/grand-rechain.be\/cms\/?p=59119"},"modified":"2023-03-09T17:59:52","modified_gmt":"2023-03-09T16:59:52","slug":"visite-de-pere-noel-17-decembre-2022","status":"publish","type":"post","link":"https:\/\/grand-rechain.be\/cms\/visite-de-pere-noel-17-decembre-2022\/","title":{"rendered":"Visite de P\u00e8re No\u00ebl &#8211; 17 d\u00e9cembre 2022"},"content":{"rendered":"\n\n<div class=\"wp-block-image\">\n<figure class=\"aligncenter size-large\"><img loading=\"lazy\" decoding=\"async\" width=\"726\" height=\"1024\" src=\"https:\/\/grand-rechain.be\/cms\/wp-content\/uploads\/2022\/11\/invitperenoelgr2022-726x1024.jpg\" alt=\"\" class=\"wp-image-59121\" srcset=\"https:\/\/grand-rechain.be\/cms\/wp-content\/uploads\/2022\/11\/invitperenoelgr2022-726x1024.jpg 726w, https:\/\/grand-rechain.be\/cms\/wp-content\/uploads\/2022\/11\/invitperenoelgr2022-600x846.jpg 600w, https:\/\/grand-rechain.be\/cms\/wp-content\/uploads\/2022\/11\/invitperenoelgr2022-213x300.jpg 213w, https:\/\/grand-rechain.be\/cms\/wp-content\/uploads\/2022\/11\/invitperenoelgr2022-768x1083.jpg 768w, https:\/\/grand-rechain.be\/cms\/wp-content\/uploads\/2022\/11\/invitperenoelgr2022-1090x1536.jpg 1090w, https:\/\/grand-rechain.be\/cms\/wp-content\/uploads\/2022\/11\/invitperenoelgr2022.jpg 1135w\" sizes=\"auto, (max-width: 726px) 100vw, 726px\" \/><\/figure>\n<\/div>\n\n\n<p style=\"text-align: center;\"><a href=\"https:\/\/grand-rechain.be\/cms\/wp-content\/uploads\/2022\/11\/invitationperenoel2022.pdf\" target=\"_blank\" rel=\"noopener\">T\u00e9l\u00e9charger le Flyers<\/a><\/p>\n\n\n\n<hr class=\"wp-block-separator has-alpha-channel-opacity\"\/>\n\n\n\n<figure class=\"wp-block-image size-large\"><img loading=\"lazy\" decoding=\"async\" width=\"1024\" height=\"727\" src=\"https:\/\/grand-rechain.be\/cms\/wp-content\/uploads\/2022\/11\/itineraireperenoelgr2022-1024x727.jpg\" alt=\"\" class=\"wp-image-59123\" srcset=\"https:\/\/grand-rechain.be\/cms\/wp-content\/uploads\/2022\/11\/itineraireperenoelgr2022-1024x727.jpg 1024w, https:\/\/grand-rechain.be\/cms\/wp-content\/uploads\/2022\/11\/itineraireperenoelgr2022-600x426.jpg 600w, https:\/\/grand-rechain.be\/cms\/wp-content\/uploads\/2022\/11\/itineraireperenoelgr2022-300x213.jpg 300w, https:\/\/grand-rechain.be\/cms\/wp-content\/uploads\/2022\/11\/itineraireperenoelgr2022-768x545.jpg 768w, https:\/\/grand-rechain.be\/cms\/wp-content\/uploads\/2022\/11\/itineraireperenoelgr2022-1536x1090.jpg 1536w, https:\/\/grand-rechain.be\/cms\/wp-content\/uploads\/2022\/11\/itineraireperenoelgr2022-2048x1453.jpg 2048w\" sizes=\"auto, (max-width: 1024px) 100vw, 1024px\" \/><\/figure>\n\n\n\n<p style=\"text-align: center;\"><a href=\"https:\/\/grand-rechain.be\/cms\/wp-content\/uploads\/2022\/11\/itineraireperenoel2022.pdf\" target=\"_blank\" rel=\"noopener\">T\u00e9l\u00e9charger l&#8217;itin\u00e9raire<\/a><\/p>\n","protected":false},"excerpt":{"rendered":"<p>P\u00e8re No\u00ebl sera \u00e0 Grand-Rechain le samedi 17 d\u00e9cembre 2022 de 13h30 \u00e0 21h ! Il d\u00e9ambulera dans les rues du village sur son char illumin\u00e9. R\u00e9servez-lui un bon accueil !<\/p>\n","protected":false},"author":1,"featured_media":59121,"comment_status":"closed","ping_status":"closed","sticky":false,"template":"","format":"standard","meta":{"ngg_post_thumbnail":0,"footnotes":""},"categories":[6,19],"tags":[],"class_list":["post-59119","post","type-post","status-publish","format-standard","has-post-thumbnail","hentry","category-comite-des-fetes","category-pere-noel"],"aioseo_notices":[],"_links":{"self":[{"href":"https:\/\/grand-rechain.be\/cms\/wp-json\/wp\/v2\/posts\/59119","targetHints":{"allow":["GET"]}}],"collection":[{"href":"https:\/\/grand-rechain.be\/cms\/wp-json\/wp\/v2\/posts"}],"about":[{"href":"https:\/\/grand-rechain.be\/cms\/wp-json\/wp\/v2\/types\/post"}],"author":[{"embeddable":true,"href":"https:\/\/grand-rechain.be\/cms\/wp-json\/wp\/v2\/users\/1"}],"replies":[{"embeddable":true,"href":"https:\/\/grand-rechain.be\/cms\/wp-json\/wp\/v2\/comments?post=59119"}],"version-history":[{"count":0,"href":"https:\/\/grand-rechain.be\/cms\/wp-json\/wp\/v2\/posts\/59119\/revisions"}],"wp:featuredmedia":[{"embeddable":true,"href":"https:\/\/grand-rechain.be\/cms\/wp-json\/wp\/v2\/media\/59121"}],"wp:attachment":[{"href":"https:\/\/grand-rechain.be\/cms\/wp-json\/wp\/v2\/media?parent=59119"}],"wp:term":[{"taxonomy":"category","embeddable":true,"href":"https:\/\/grand-rechain.be\/cms\/wp-json\/wp\/v2\/categories?post=59119"},{"taxonomy":"post_tag","embeddable":true,"href":"https:\/\/grand-rechain.be\/cms\/wp-json\/wp\/v2\/tags?post=59119"}],"curies":[{"name":"wp","href":"https:\/\/api.w.org\/{rel}","templated":true}]}}