{"id":59136,"date":"2023-03-09T18:02:51","date_gmt":"2023-03-09T17:02:51","guid":{"rendered":"https:\/\/grand-rechain.be\/cms\/?p=59136"},"modified":"2023-04-02T10:22:59","modified_gmt":"2023-04-02T08:22:59","slug":"25eme-week-end-oenologique","status":"publish","type":"post","link":"https:\/\/grand-rechain.be\/cms\/25eme-week-end-oenologique\/","title":{"rendered":"25\u00e8me Week-end Oenologique"},"content":{"rendered":"\n\n<div class=\"wp-block-image\">\n<figure class=\"aligncenter size-large\"><img loading=\"lazy\" decoding=\"async\" width=\"788\" height=\"1024\" src=\"https:\/\/grand-rechain.be\/cms\/wp-content\/uploads\/2023\/03\/feteduvingr2023-788x1024.jpg\" alt=\"\" class=\"wp-image-59137\" srcset=\"https:\/\/grand-rechain.be\/cms\/wp-content\/uploads\/2023\/03\/feteduvingr2023-788x1024.jpg 788w, https:\/\/grand-rechain.be\/cms\/wp-content\/uploads\/2023\/03\/feteduvingr2023-600x779.jpg 600w, https:\/\/grand-rechain.be\/cms\/wp-content\/uploads\/2023\/03\/feteduvingr2023-231x300.jpg 231w, https:\/\/grand-rechain.be\/cms\/wp-content\/uploads\/2023\/03\/feteduvingr2023-768x997.jpg 768w, https:\/\/grand-rechain.be\/cms\/wp-content\/uploads\/2023\/03\/feteduvingr2023-1183x1536.jpg 1183w, https:\/\/grand-rechain.be\/cms\/wp-content\/uploads\/2023\/03\/feteduvingr2023-1577x2048.jpg 1577w, https:\/\/grand-rechain.be\/cms\/wp-content\/uploads\/2023\/03\/feteduvingr2023.jpg 1600w\" sizes=\"auto, (max-width: 788px) 100vw, 788px\" \/><\/figure>\n<\/div>","protected":false},"excerpt":{"rendered":"<p>Rendez-vous le 25 et 26 mars \u00e0 Grand-Rechain pour le 25\u00e8me week-end \u0153nologique. Des viticulteurs fran\u00e7ais se feront un plaisir de vous pr\u00e9senter leurs vins mis en bouteille dans leur propres chais.<\/p>\n","protected":false},"author":1,"featured_media":59137,"comment_status":"closed","ping_status":"closed","sticky":false,"template":"","format":"standard","meta":{"ngg_post_thumbnail":0,"footnotes":""},"categories":[55,54],"tags":[],"class_list":["post-59136","post","type-post","status-publish","format-standard","has-post-thumbnail","hentry","category-comite-du-cercle","category-week-end-oenologique"],"aioseo_notices":[],"_links":{"self":[{"href":"https:\/\/grand-rechain.be\/cms\/wp-json\/wp\/v2\/posts\/59136","targetHints":{"allow":["GET"]}}],"collection":[{"href":"https:\/\/grand-rechain.be\/cms\/wp-json\/wp\/v2\/posts"}],"about":[{"href":"https:\/\/grand-rechain.be\/cms\/wp-json\/wp\/v2\/types\/post"}],"author":[{"embeddable":true,"href":"https:\/\/grand-rechain.be\/cms\/wp-json\/wp\/v2\/users\/1"}],"replies":[{"embeddable":true,"href":"https:\/\/grand-rechain.be\/cms\/wp-json\/wp\/v2\/comments?post=59136"}],"version-history":[{"count":0,"href":"https:\/\/grand-rechain.be\/cms\/wp-json\/wp\/v2\/posts\/59136\/revisions"}],"wp:featuredmedia":[{"embeddable":true,"href":"https:\/\/grand-rechain.be\/cms\/wp-json\/wp\/v2\/media\/59137"}],"wp:attachment":[{"href":"https:\/\/grand-rechain.be\/cms\/wp-json\/wp\/v2\/media?parent=59136"}],"wp:term":[{"taxonomy":"category","embeddable":true,"href":"https:\/\/grand-rechain.be\/cms\/wp-json\/wp\/v2\/categories?post=59136"},{"taxonomy":"post_tag","embeddable":true,"href":"https:\/\/grand-rechain.be\/cms\/wp-json\/wp\/v2\/tags?post=59136"}],"curies":[{"name":"wp","href":"https:\/\/api.w.org\/{rel}","templated":true}]}}