{"id":59238,"date":"2023-06-02T09:00:00","date_gmt":"2023-06-02T07:00:00","guid":{"rendered":"https:\/\/grand-rechain.be\/cms\/?p=59238"},"modified":"2023-07-05T17:47:20","modified_gmt":"2023-07-05T15:47:20","slug":"la-ptite-guinguette-samedi-1er-juillet-2023","status":"publish","type":"post","link":"https:\/\/grand-rechain.be\/cms\/la-ptite-guinguette-samedi-1er-juillet-2023\/","title":{"rendered":"La p&#8217;tite Guinguette &#8211; Samedi 1er juillet 2023"},"content":{"rendered":"\n<p style=\"text-align: center;\">La P\u2019tite Guinguette de Rechain de 18h00 \u00e0 02h00 (SHIVER, NIGHTSOUND &amp; STEFAN AMARA)<\/p>\n\n\n<div class=\"wp-block-image\">\n<figure class=\"aligncenter size-large\"><img loading=\"lazy\" decoding=\"async\" width=\"1024\" height=\"576\" src=\"https:\/\/grand-rechain.be\/cms\/wp-content\/uploads\/2023\/06\/guinguette2023-1024x576.jpg\" alt=\"\" class=\"wp-image-59241\" srcset=\"https:\/\/grand-rechain.be\/cms\/wp-content\/uploads\/2023\/06\/guinguette2023-1024x576.jpg 1024w, https:\/\/grand-rechain.be\/cms\/wp-content\/uploads\/2023\/06\/guinguette2023-600x338.jpg 600w, https:\/\/grand-rechain.be\/cms\/wp-content\/uploads\/2023\/06\/guinguette2023-300x169.jpg 300w, https:\/\/grand-rechain.be\/cms\/wp-content\/uploads\/2023\/06\/guinguette2023-768x432.jpg 768w, https:\/\/grand-rechain.be\/cms\/wp-content\/uploads\/2023\/06\/guinguette2023-1536x864.jpg 1536w, https:\/\/grand-rechain.be\/cms\/wp-content\/uploads\/2023\/06\/guinguette2023.jpg 1600w\" sizes=\"auto, (max-width: 1024px) 100vw, 1024px\" \/><\/figure>\n<\/div>\n\n\n<p style=\"text-align: center;\"><strong>5 \u20ac l&#8217;entr\u00e9e (caution du gobelet comprise) &#8211; Interdit au moins de 16ans non accompagn\u00e9. Carte d&#8217;identit\u00e9 obligatoire.<\/strong><\/p>\n","protected":false},"excerpt":{"rendered":"<p>La P\u2019tite Guinguette de Rechain !<br \/>\nde 18h00 \u00e0 02h00<br \/>\n(SHIVER, NIGHTSOUND &#038; STEFAN AMARA)<\/p>\n","protected":false},"author":1,"featured_media":59241,"comment_status":"closed","ping_status":"closed","sticky":false,"template":"","format":"standard","meta":{"ngg_post_thumbnail":0,"footnotes":""},"categories":[6,22,69,41],"tags":[],"class_list":["post-59238","post","type-post","status-publish","format-standard","has-post-thumbnail","hentry","category-comite-des-fetes","category-kermesse","category-kermesse-2023","category-soiree"],"aioseo_notices":[],"_links":{"self":[{"href":"https:\/\/grand-rechain.be\/cms\/wp-json\/wp\/v2\/posts\/59238","targetHints":{"allow":["GET"]}}],"collection":[{"href":"https:\/\/grand-rechain.be\/cms\/wp-json\/wp\/v2\/posts"}],"about":[{"href":"https:\/\/grand-rechain.be\/cms\/wp-json\/wp\/v2\/types\/post"}],"author":[{"embeddable":true,"href":"https:\/\/grand-rechain.be\/cms\/wp-json\/wp\/v2\/users\/1"}],"replies":[{"embeddable":true,"href":"https:\/\/grand-rechain.be\/cms\/wp-json\/wp\/v2\/comments?post=59238"}],"version-history":[{"count":0,"href":"https:\/\/grand-rechain.be\/cms\/wp-json\/wp\/v2\/posts\/59238\/revisions"}],"wp:featuredmedia":[{"embeddable":true,"href":"https:\/\/grand-rechain.be\/cms\/wp-json\/wp\/v2\/media\/59241"}],"wp:attachment":[{"href":"https:\/\/grand-rechain.be\/cms\/wp-json\/wp\/v2\/media?parent=59238"}],"wp:term":[{"taxonomy":"category","embeddable":true,"href":"https:\/\/grand-rechain.be\/cms\/wp-json\/wp\/v2\/categories?post=59238"},{"taxonomy":"post_tag","embeddable":true,"href":"https:\/\/grand-rechain.be\/cms\/wp-json\/wp\/v2\/tags?post=59238"}],"curies":[{"name":"wp","href":"https:\/\/api.w.org\/{rel}","templated":true}]}}