{"id":59996,"date":"2023-12-18T16:34:30","date_gmt":"2023-12-18T15:34:30","guid":{"rendered":"https:\/\/grand-rechain.be\/cms\/?p=59996"},"modified":"2024-02-25T14:16:19","modified_gmt":"2024-02-25T13:16:19","slug":"toutes-les-photos-de-la-visite-de-pere-noel-en-decembre-2023","status":"publish","type":"post","link":"https:\/\/grand-rechain.be\/cms\/toutes-les-photos-de-la-visite-de-pere-noel-en-decembre-2023\/","title":{"rendered":"Toutes les photos de la visite de P\u00e8re No\u00ebl en d\u00e9cembre 2023"},"content":{"rendered":"ngg_shortcode_0_placeholder\n","protected":false},"excerpt":{"rendered":"<p>D\u00e9couvrez toutes les photos de la visite de P\u00e8re No\u00ebl \u00e0 Grand-Rechain 2023.<br \/>\nMerci \u00e0 notre photographe Andr\u00e9 !<\/p>\n","protected":false},"author":1,"featured_media":59997,"comment_status":"closed","ping_status":"closed","sticky":false,"template":"","format":"standard","meta":{"ngg_post_thumbnail":28865,"footnotes":""},"categories":[6,19],"tags":[],"class_list":["post-59996","post","type-post","status-publish","format-standard","has-post-thumbnail","hentry","category-comite-des-fetes","category-pere-noel"],"aioseo_notices":[],"_links":{"self":[{"href":"https:\/\/grand-rechain.be\/cms\/wp-json\/wp\/v2\/posts\/59996","targetHints":{"allow":["GET"]}}],"collection":[{"href":"https:\/\/grand-rechain.be\/cms\/wp-json\/wp\/v2\/posts"}],"about":[{"href":"https:\/\/grand-rechain.be\/cms\/wp-json\/wp\/v2\/types\/post"}],"author":[{"embeddable":true,"href":"https:\/\/grand-rechain.be\/cms\/wp-json\/wp\/v2\/users\/1"}],"replies":[{"embeddable":true,"href":"https:\/\/grand-rechain.be\/cms\/wp-json\/wp\/v2\/comments?post=59996"}],"version-history":[{"count":0,"href":"https:\/\/grand-rechain.be\/cms\/wp-json\/wp\/v2\/posts\/59996\/revisions"}],"wp:featuredmedia":[{"embeddable":true,"href":"https:\/\/grand-rechain.be\/cms\/wp-json\/wp\/v2\/media\/59997"}],"wp:attachment":[{"href":"https:\/\/grand-rechain.be\/cms\/wp-json\/wp\/v2\/media?parent=59996"}],"wp:term":[{"taxonomy":"category","embeddable":true,"href":"https:\/\/grand-rechain.be\/cms\/wp-json\/wp\/v2\/categories?post=59996"},{"taxonomy":"post_tag","embeddable":true,"href":"https:\/\/grand-rechain.be\/cms\/wp-json\/wp\/v2\/tags?post=59996"}],"curies":[{"name":"wp","href":"https:\/\/api.w.org\/{rel}","templated":true}]}}