{"id":60104,"date":"2024-03-13T21:18:40","date_gmt":"2024-03-13T20:18:40","guid":{"rendered":"https:\/\/grand-rechain.be\/cms\/?p=60104"},"modified":"2024-06-13T15:27:59","modified_gmt":"2024-06-13T13:27:59","slug":"reservation-dejeuner-a-domicile-9-juin-2024","status":"publish","type":"post","link":"https:\/\/grand-rechain.be\/cms\/reservation-dejeuner-a-domicile-9-juin-2024\/","title":{"rendered":"R\u00e9servation d\u00e9jeuner \u00e0 domicile (9 juin 2024)"},"content":{"rendered":"\n\n<div class=\"wp-block-image\">\n<figure class=\"aligncenter size-large\"><img loading=\"lazy\" decoding=\"async\" width=\"724\" height=\"1024\" src=\"https:\/\/grand-rechain.be\/cms\/wp-content\/uploads\/2024\/05\/invitdejeunerrsweb-724x1024.jpg\" alt=\"\" class=\"wp-image-60110\" srcset=\"https:\/\/grand-rechain.be\/cms\/wp-content\/uploads\/2024\/05\/invitdejeunerrsweb-724x1024.jpg 724w, https:\/\/grand-rechain.be\/cms\/wp-content\/uploads\/2024\/05\/invitdejeunerrsweb-600x849.jpg 600w, https:\/\/grand-rechain.be\/cms\/wp-content\/uploads\/2024\/05\/invitdejeunerrsweb-212x300.jpg 212w, https:\/\/grand-rechain.be\/cms\/wp-content\/uploads\/2024\/05\/invitdejeunerrsweb-768x1086.jpg 768w, https:\/\/grand-rechain.be\/cms\/wp-content\/uploads\/2024\/05\/invitdejeunerrsweb-1086x1536.jpg 1086w, https:\/\/grand-rechain.be\/cms\/wp-content\/uploads\/2024\/05\/invitdejeunerrsweb.jpg 1200w\" sizes=\"auto, (max-width: 724px) 100vw, 724px\" \/><\/figure>\n<\/div>\n\n<p><del>Veuillez remplir le formulaire ci-dessous afin de r\u00e9server votre d\u00e9jeuner du dimanche 9 juin 2024.<\/del><\/p>\n<p>Apr\u00e8s inscription, la r\u00e9servation est \u00e0 confirmer via le paiement&nbsp; sur le compte BE71 8002 2074 2069 du R\u00e9veil Scolaire de Grand-Rechain avec comme communication \u00ab&nbsp;<i>NOM<\/i> + <i>PRENOM<\/i>, d\u00e9jeuner \u00bb<\/p>\n<p>Merci d&#8217;attendre la confirmation apr\u00e8s avoir cliqu\u00e9 sur &#8220;envoyer ma r\u00e9servation&#8221;<\/p>\n<p style=\"text-align: center;\">&#8212;&#8212;&#8212;&#8212;&#8212;&#8212;&#8212;&#8212;&#8212;&#8212;-<\/p>\n<p><span style=\"font-size: 14pt;\">Les r\u00e9servations sont cl\u00f4tur\u00e9es. Merci pour vos commandes !<br><\/span><\/p>\n\n","protected":false},"excerpt":{"rendered":"<p>Le R\u00e9veil Scolaire de Grand-Rechain vous propose de livrer votre d\u00e9jeuner \u00e0 domicile le 9 juin 2024. Pensez \u00e0 votre papa en ce jour de f\u00eate des p\u00e8res.<\/p>\n","protected":false},"author":1,"featured_media":60110,"comment_status":"closed","ping_status":"closed","sticky":false,"template":"","format":"standard","meta":{"ngg_post_thumbnail":0,"footnotes":""},"categories":[63,62],"tags":[],"class_list":["post-60104","post","type-post","status-publish","format-standard","has-post-thumbnail","hentry","category-dejeuner-a-domicile","category-reveil-scolaire"],"aioseo_notices":[],"aioseo_head":"\n\t\t<!-- All in One SEO 5.0.1.1 - aioseo.com -->\n\t<meta name=\"description\" content=\"Le R\u00e9veil Scolaire de Grand-Rechain vous propose de livrer votre d\u00e9jeuner \u00e0 domicile le 9 juin 2024. Pensez \u00e0 votre papa en ce jour de f\u00eate des p\u00e8res.\" \/>\n\t<meta name=\"robots\" content=\"max-image-preview:large\" \/>\n\t<meta name=\"author\" content=\"David\"\/>\n\t<meta name=\"google-site-verification\" content=\"HQG42ByboN7N_QHDYVvNEA02TwBdq6gL-n86yQamTfE\" \/>\n\t<link rel=\"canonical\" href=\"https:\/\/grand-rechain.be\/cms\/reservation-dejeuner-a-domicile-9-juin-2024\/\" \/>\n\t<meta name=\"generator\" content=\"All in One SEO (AIOSEO) 5.0.1.1\" \/>\n\t\t<meta property=\"og:locale\" content=\"fr_FR\" \/>\n\t\t<meta property=\"og:site_name\" content=\"Grand-Rechain.be \u2013 Bienvenue \u00e0 Grand-Rechain !\" \/>\n\t\t<meta property=\"og:type\" content=\"article\" \/>\n\t\t<meta property=\"og:title\" content=\"R\u00e9servation d\u00e9jeuner \u00e0 domicile (9 juin 2024) | Grand-Rechain.be\" \/>\n\t\t<meta property=\"og:description\" content=\"Le R\u00e9veil Scolaire de Grand-Rechain vous propose de livrer votre d\u00e9jeuner \u00e0 domicile le 9 juin 2024. Pensez \u00e0 votre papa en ce jour de f\u00eate des p\u00e8res.\" \/>\n\t\t<meta property=\"og:url\" content=\"https:\/\/grand-rechain.be\/cms\/reservation-dejeuner-a-domicile-9-juin-2024\/\" \/>\n\t\t<meta property=\"og:image\" content=\"https:\/\/grand-rechain.be\/cms\/wp-content\/uploads\/2024\/05\/invitdejeunerrsweb.jpg\" \/>\n\t\t<meta property=\"og:image:secure_url\" content=\"https:\/\/grand-rechain.be\/cms\/wp-content\/uploads\/2024\/05\/invitdejeunerrsweb.jpg\" \/>\n\t\t<meta property=\"og:image:width\" content=\"1200\" \/>\n\t\t<meta property=\"og:image:height\" content=\"1697\" \/>\n\t\t<meta property=\"article:published_time\" content=\"2024-03-13T20:18:40+00:00\" \/>\n\t\t<meta property=\"article:modified_time\" content=\"2024-06-13T13:27:59+00:00\" \/>\n\t\t<meta property=\"article:publisher\" content=\"https:\/\/www.facebook.com\/comitedesfetesdegrandrechain\" \/>\n\t\t<script type=\"application\/ld+json\" class=\"aioseo-schema\">\n\t\t\t{\"@context\":\"https:\\\/\\\/schema.org\",\"@graph\":[{\"@type\":\"Article\",\"@id\":\"https:\\\/\\\/grand-rechain.be\\\/cms\\\/reservation-dejeuner-a-domicile-9-juin-2024\\\/#article\",\"name\":\"R\\u00e9servation d\\u00e9jeuner \\u00e0 domicile (9 juin 2024) | Grand-Rechain.be\",\"headline\":\"R\\u00e9servation d\\u00e9jeuner \\u00e0 domicile (9 juin 2024)\",\"author\":{\"@id\":\"https:\\\/\\\/grand-rechain.be\\\/cms\\\/author\\\/david\\\/#author\"},\"publisher\":{\"@id\":\"https:\\\/\\\/grand-rechain.be\\\/cms\\\/#organization\"},\"image\":{\"@type\":\"ImageObject\",\"url\":\"https:\\\/\\\/grand-rechain.be\\\/cms\\\/wp-content\\\/uploads\\\/2024\\\/05\\\/invitdejeunerrsweb.jpg\",\"width\":1200,\"height\":1697},\"datePublished\":\"2024-03-13T21:18:40+01:00\",\"dateModified\":\"2024-06-13T15:27:59+02:00\",\"inLanguage\":\"fr-FR\",\"mainEntityOfPage\":{\"@id\":\"https:\\\/\\\/grand-rechain.be\\\/cms\\\/reservation-dejeuner-a-domicile-9-juin-2024\\\/#webpage\"},\"isPartOf\":{\"@id\":\"https:\\\/\\\/grand-rechain.be\\\/cms\\\/reservation-dejeuner-a-domicile-9-juin-2024\\\/#webpage\"},\"articleSection\":\"D\\u00e9jeuner \\u00e0 domicile, R\\u00e9veil Scolaire\"},{\"@type\":\"BreadcrumbList\",\"@id\":\"https:\\\/\\\/grand-rechain.be\\\/cms\\\/reservation-dejeuner-a-domicile-9-juin-2024\\\/#breadcrumblist\",\"itemListElement\":[{\"@type\":\"ListItem\",\"@id\":\"https:\\\/\\\/grand-rechain.be\\\/cms#listItem\",\"position\":1,\"name\":\"Accueil\",\"item\":\"https:\\\/\\\/grand-rechain.be\\\/cms\",\"nextItem\":{\"@type\":\"ListItem\",\"@id\":\"https:\\\/\\\/grand-rechain.be\\\/cms\\\/category\\\/reveil-scolaire\\\/#listItem\",\"name\":\"R\\u00e9veil Scolaire\"}},{\"@type\":\"ListItem\",\"@id\":\"https:\\\/\\\/grand-rechain.be\\\/cms\\\/category\\\/reveil-scolaire\\\/#listItem\",\"position\":2,\"name\":\"R\\u00e9veil Scolaire\",\"item\":\"https:\\\/\\\/grand-rechain.be\\\/cms\\\/category\\\/reveil-scolaire\\\/\",\"nextItem\":{\"@type\":\"ListItem\",\"@id\":\"https:\\\/\\\/grand-rechain.be\\\/cms\\\/category\\\/reveil-scolaire\\\/dejeuner-a-domicile\\\/#listItem\",\"name\":\"D\\u00e9jeuner \\u00e0 domicile\"},\"previousItem\":{\"@type\":\"ListItem\",\"@id\":\"https:\\\/\\\/grand-rechain.be\\\/cms#listItem\",\"name\":\"Accueil\"}},{\"@type\":\"ListItem\",\"@id\":\"https:\\\/\\\/grand-rechain.be\\\/cms\\\/category\\\/reveil-scolaire\\\/dejeuner-a-domicile\\\/#listItem\",\"position\":3,\"name\":\"D\\u00e9jeuner \\u00e0 domicile\",\"item\":\"https:\\\/\\\/grand-rechain.be\\\/cms\\\/category\\\/reveil-scolaire\\\/dejeuner-a-domicile\\\/\",\"nextItem\":{\"@type\":\"ListItem\",\"@id\":\"https:\\\/\\\/grand-rechain.be\\\/cms\\\/reservation-dejeuner-a-domicile-9-juin-2024\\\/#listItem\",\"name\":\"R\\u00e9servation d\\u00e9jeuner \\u00e0 domicile (9 juin 2024)\"},\"previousItem\":{\"@type\":\"ListItem\",\"@id\":\"https:\\\/\\\/grand-rechain.be\\\/cms\\\/category\\\/reveil-scolaire\\\/#listItem\",\"name\":\"R\\u00e9veil Scolaire\"}},{\"@type\":\"ListItem\",\"@id\":\"https:\\\/\\\/grand-rechain.be\\\/cms\\\/reservation-dejeuner-a-domicile-9-juin-2024\\\/#listItem\",\"position\":4,\"name\":\"R\\u00e9servation d\\u00e9jeuner \\u00e0 domicile (9 juin 2024)\",\"previousItem\":{\"@type\":\"ListItem\",\"@id\":\"https:\\\/\\\/grand-rechain.be\\\/cms\\\/category\\\/reveil-scolaire\\\/dejeuner-a-domicile\\\/#listItem\",\"name\":\"D\\u00e9jeuner \\u00e0 domicile\"}}]},{\"@type\":\"Organization\",\"@id\":\"https:\\\/\\\/grand-rechain.be\\\/cms\\\/#organization\",\"name\":\"Grand-Rechain\",\"description\":\"Bienvenue \\u00e0 Grand-Rechain !\",\"url\":\"https:\\\/\\\/grand-rechain.be\\\/cms\\\/\",\"logo\":{\"@type\":\"ImageObject\",\"url\":\"https:\\\/\\\/grand-rechain.be\\\/cms\\\/wp-content\\\/uploads\\\/2021\\\/02\\\/favicon.jpg\",\"@id\":\"https:\\\/\\\/grand-rechain.be\\\/cms\\\/reservation-dejeuner-a-domicile-9-juin-2024\\\/#organizationLogo\",\"width\":112,\"height\":112},\"image\":{\"@id\":\"https:\\\/\\\/grand-rechain.be\\\/cms\\\/reservation-dejeuner-a-domicile-9-juin-2024\\\/#organizationLogo\"}},{\"@type\":\"Person\",\"@id\":\"https:\\\/\\\/grand-rechain.be\\\/cms\\\/author\\\/david\\\/#author\",\"url\":\"https:\\\/\\\/grand-rechain.be\\\/cms\\\/author\\\/david\\\/\",\"name\":\"David\"},{\"@type\":\"WebPage\",\"@id\":\"https:\\\/\\\/grand-rechain.be\\\/cms\\\/reservation-dejeuner-a-domicile-9-juin-2024\\\/#webpage\",\"url\":\"https:\\\/\\\/grand-rechain.be\\\/cms\\\/reservation-dejeuner-a-domicile-9-juin-2024\\\/\",\"name\":\"R\\u00e9servation d\\u00e9jeuner \\u00e0 domicile (9 juin 2024) | Grand-Rechain.be\",\"description\":\"Le R\\u00e9veil Scolaire de Grand-Rechain vous propose de livrer votre d\\u00e9jeuner \\u00e0 domicile le 9 juin 2024. Pensez \\u00e0 votre papa en ce jour de f\\u00eate des p\\u00e8res.\",\"inLanguage\":\"fr-FR\",\"isPartOf\":{\"@id\":\"https:\\\/\\\/grand-rechain.be\\\/cms\\\/#website\"},\"breadcrumb\":{\"@id\":\"https:\\\/\\\/grand-rechain.be\\\/cms\\\/reservation-dejeuner-a-domicile-9-juin-2024\\\/#breadcrumblist\"},\"author\":{\"@id\":\"https:\\\/\\\/grand-rechain.be\\\/cms\\\/author\\\/david\\\/#author\"},\"creator\":{\"@id\":\"https:\\\/\\\/grand-rechain.be\\\/cms\\\/author\\\/david\\\/#author\"},\"image\":{\"@type\":\"ImageObject\",\"url\":\"https:\\\/\\\/grand-rechain.be\\\/cms\\\/wp-content\\\/uploads\\\/2024\\\/05\\\/invitdejeunerrsweb.jpg\",\"@id\":\"https:\\\/\\\/grand-rechain.be\\\/cms\\\/reservation-dejeuner-a-domicile-9-juin-2024\\\/#mainImage\",\"width\":1200,\"height\":1697},\"primaryImageOfPage\":{\"@id\":\"https:\\\/\\\/grand-rechain.be\\\/cms\\\/reservation-dejeuner-a-domicile-9-juin-2024\\\/#mainImage\"},\"datePublished\":\"2024-03-13T21:18:40+01:00\",\"dateModified\":\"2024-06-13T15:27:59+02:00\"},{\"@type\":\"WebSite\",\"@id\":\"https:\\\/\\\/grand-rechain.be\\\/cms\\\/#website\",\"url\":\"https:\\\/\\\/grand-rechain.be\\\/cms\\\/\",\"name\":\"Grand-Rechain.be\",\"description\":\"Bienvenue \\u00e0 Grand-Rechain !\",\"inLanguage\":\"fr-FR\",\"publisher\":{\"@id\":\"https:\\\/\\\/grand-rechain.be\\\/cms\\\/#organization\"}}]}\n\t\t<\/script>\n\t\t<!-- All in One SEO -->\n\n","aioseo_head_json":{"title":"R\u00e9servation d\u00e9jeuner \u00e0 domicile (9 juin 2024) | Grand-Rechain.be","description":"Le R\u00e9veil Scolaire de Grand-Rechain vous propose de livrer votre d\u00e9jeuner \u00e0 domicile le 9 juin 2024. Pensez \u00e0 votre papa en ce jour de f\u00eate des p\u00e8res.","canonical_url":"https:\/\/grand-rechain.be\/cms\/reservation-dejeuner-a-domicile-9-juin-2024\/","robots":"max-image-preview:large","keywords":"","webmasterTools":{"google-site-verification":"HQG42ByboN7N_QHDYVvNEA02TwBdq6gL-n86yQamTfE","miscellaneous":""},"schema":{"@context":"https:\/\/schema.org","@graph":[{"@type":"Article","@id":"https:\/\/grand-rechain.be\/cms\/reservation-dejeuner-a-domicile-9-juin-2024\/#article","name":"R\u00e9servation d\u00e9jeuner \u00e0 domicile (9 juin 2024) | Grand-Rechain.be","headline":"R\u00e9servation d\u00e9jeuner \u00e0 domicile (9 juin 2024)","author":{"@id":"https:\/\/grand-rechain.be\/cms\/author\/david\/#author"},"publisher":{"@id":"https:\/\/grand-rechain.be\/cms\/#organization"},"image":{"@type":"ImageObject","url":"https:\/\/grand-rechain.be\/cms\/wp-content\/uploads\/2024\/05\/invitdejeunerrsweb.jpg","width":1200,"height":1697},"datePublished":"2024-03-13T21:18:40+01:00","dateModified":"2024-06-13T15:27:59+02:00","inLanguage":"fr-FR","mainEntityOfPage":{"@id":"https:\/\/grand-rechain.be\/cms\/reservation-dejeuner-a-domicile-9-juin-2024\/#webpage"},"isPartOf":{"@id":"https:\/\/grand-rechain.be\/cms\/reservation-dejeuner-a-domicile-9-juin-2024\/#webpage"},"articleSection":"D\u00e9jeuner \u00e0 domicile, R\u00e9veil Scolaire"},{"@type":"BreadcrumbList","@id":"https:\/\/grand-rechain.be\/cms\/reservation-dejeuner-a-domicile-9-juin-2024\/#breadcrumblist","itemListElement":[{"@type":"ListItem","@id":"https:\/\/grand-rechain.be\/cms#listItem","position":1,"name":"Accueil","item":"https:\/\/grand-rechain.be\/cms","nextItem":{"@type":"ListItem","@id":"https:\/\/grand-rechain.be\/cms\/category\/reveil-scolaire\/#listItem","name":"R\u00e9veil Scolaire"}},{"@type":"ListItem","@id":"https:\/\/grand-rechain.be\/cms\/category\/reveil-scolaire\/#listItem","position":2,"name":"R\u00e9veil Scolaire","item":"https:\/\/grand-rechain.be\/cms\/category\/reveil-scolaire\/","nextItem":{"@type":"ListItem","@id":"https:\/\/grand-rechain.be\/cms\/category\/reveil-scolaire\/dejeuner-a-domicile\/#listItem","name":"D\u00e9jeuner \u00e0 domicile"},"previousItem":{"@type":"ListItem","@id":"https:\/\/grand-rechain.be\/cms#listItem","name":"Accueil"}},{"@type":"ListItem","@id":"https:\/\/grand-rechain.be\/cms\/category\/reveil-scolaire\/dejeuner-a-domicile\/#listItem","position":3,"name":"D\u00e9jeuner \u00e0 domicile","item":"https:\/\/grand-rechain.be\/cms\/category\/reveil-scolaire\/dejeuner-a-domicile\/","nextItem":{"@type":"ListItem","@id":"https:\/\/grand-rechain.be\/cms\/reservation-dejeuner-a-domicile-9-juin-2024\/#listItem","name":"R\u00e9servation d\u00e9jeuner \u00e0 domicile (9 juin 2024)"},"previousItem":{"@type":"ListItem","@id":"https:\/\/grand-rechain.be\/cms\/category\/reveil-scolaire\/#listItem","name":"R\u00e9veil Scolaire"}},{"@type":"ListItem","@id":"https:\/\/grand-rechain.be\/cms\/reservation-dejeuner-a-domicile-9-juin-2024\/#listItem","position":4,"name":"R\u00e9servation d\u00e9jeuner \u00e0 domicile (9 juin 2024)","previousItem":{"@type":"ListItem","@id":"https:\/\/grand-rechain.be\/cms\/category\/reveil-scolaire\/dejeuner-a-domicile\/#listItem","name":"D\u00e9jeuner \u00e0 domicile"}}]},{"@type":"Organization","@id":"https:\/\/grand-rechain.be\/cms\/#organization","name":"Grand-Rechain","description":"Bienvenue \u00e0 Grand-Rechain !","url":"https:\/\/grand-rechain.be\/cms\/","logo":{"@type":"ImageObject","url":"https:\/\/grand-rechain.be\/cms\/wp-content\/uploads\/2021\/02\/favicon.jpg","@id":"https:\/\/grand-rechain.be\/cms\/reservation-dejeuner-a-domicile-9-juin-2024\/#organizationLogo","width":112,"height":112},"image":{"@id":"https:\/\/grand-rechain.be\/cms\/reservation-dejeuner-a-domicile-9-juin-2024\/#organizationLogo"}},{"@type":"Person","@id":"https:\/\/grand-rechain.be\/cms\/author\/david\/#author","url":"https:\/\/grand-rechain.be\/cms\/author\/david\/","name":"David"},{"@type":"WebPage","@id":"https:\/\/grand-rechain.be\/cms\/reservation-dejeuner-a-domicile-9-juin-2024\/#webpage","url":"https:\/\/grand-rechain.be\/cms\/reservation-dejeuner-a-domicile-9-juin-2024\/","name":"R\u00e9servation d\u00e9jeuner \u00e0 domicile (9 juin 2024) | Grand-Rechain.be","description":"Le R\u00e9veil Scolaire de Grand-Rechain vous propose de livrer votre d\u00e9jeuner \u00e0 domicile le 9 juin 2024. Pensez \u00e0 votre papa en ce jour de f\u00eate des p\u00e8res.","inLanguage":"fr-FR","isPartOf":{"@id":"https:\/\/grand-rechain.be\/cms\/#website"},"breadcrumb":{"@id":"https:\/\/grand-rechain.be\/cms\/reservation-dejeuner-a-domicile-9-juin-2024\/#breadcrumblist"},"author":{"@id":"https:\/\/grand-rechain.be\/cms\/author\/david\/#author"},"creator":{"@id":"https:\/\/grand-rechain.be\/cms\/author\/david\/#author"},"image":{"@type":"ImageObject","url":"https:\/\/grand-rechain.be\/cms\/wp-content\/uploads\/2024\/05\/invitdejeunerrsweb.jpg","@id":"https:\/\/grand-rechain.be\/cms\/reservation-dejeuner-a-domicile-9-juin-2024\/#mainImage","width":1200,"height":1697},"primaryImageOfPage":{"@id":"https:\/\/grand-rechain.be\/cms\/reservation-dejeuner-a-domicile-9-juin-2024\/#mainImage"},"datePublished":"2024-03-13T21:18:40+01:00","dateModified":"2024-06-13T15:27:59+02:00"},{"@type":"WebSite","@id":"https:\/\/grand-rechain.be\/cms\/#website","url":"https:\/\/grand-rechain.be\/cms\/","name":"Grand-Rechain.be","description":"Bienvenue \u00e0 Grand-Rechain !","inLanguage":"fr-FR","publisher":{"@id":"https:\/\/grand-rechain.be\/cms\/#organization"}}]},"og:locale":"fr_FR","og:site_name":"Grand-Rechain.be \u2013 Bienvenue \u00e0 Grand-Rechain !","og:type":"article","og:title":"R\u00e9servation d\u00e9jeuner \u00e0 domicile (9 juin 2024) | Grand-Rechain.be","og:description":"Le R\u00e9veil Scolaire de Grand-Rechain vous propose de livrer votre d\u00e9jeuner \u00e0 domicile le 9 juin 2024. Pensez \u00e0 votre papa en ce jour de f\u00eate des p\u00e8res.","og:url":"https:\/\/grand-rechain.be\/cms\/reservation-dejeuner-a-domicile-9-juin-2024\/","og:image":"https:\/\/grand-rechain.be\/cms\/wp-content\/uploads\/2024\/05\/invitdejeunerrsweb.jpg","og:image:secure_url":"https:\/\/grand-rechain.be\/cms\/wp-content\/uploads\/2024\/05\/invitdejeunerrsweb.jpg","og:image:width":1200,"og:image:height":1697,"article:published_time":"2024-03-13T20:18:40+00:00","article:modified_time":"2024-06-13T13:27:59+00:00","article:publisher":"https:\/\/www.facebook.com\/comitedesfetesdegrandrechain"},"aioseo_meta_data":{"post_id":"60104","title":null,"description":null,"keywords":null,"keyphrases":{"focus":{"keyphrase":"","score":0,"analysis":{"keyphraseInTitle":{"score":0,"maxScore":9,"error":1}}},"additional":[]},"primary_term":null,"canonical_url":null,"og_title":null,"og_description":null,"og_object_type":"default","og_image_type":"default","og_image_url":null,"og_image_width":null,"og_image_height":null,"og_image_custom_url":null,"og_image_custom_fields":null,"og_video":"","og_custom_url":null,"og_article_section":null,"og_article_tags":null,"twitter_use_og":false,"twitter_card":"default","twitter_image_type":"default","twitter_image_url":null,"twitter_image_custom_url":null,"twitter_image_custom_fields":null,"twitter_title":null,"twitter_description":null,"schema":{"blockGraphs":[],"customGraphs":[],"default":{"data":{"Article":[],"Course":[],"Dataset":[],"FAQPage":[],"Movie":[],"Person":[],"Product":[],"ProductReview":[],"Car":[],"Recipe":[],"Service":[],"SoftwareApplication":[],"WebPage":[]},"graphName":"Article","isEnabled":true},"graphs":[],"defaultGraph":"Article","defaultPostTypeGraph":""},"schema_type":"default","schema_type_options":"{\"article\":{\"articleType\":\"BlogPosting\"},\"course\":{\"name\":\"\",\"description\":\"\",\"provider\":\"\"},\"faq\":{\"pages\":[]},\"product\":{\"reviews\":[]},\"recipe\":{\"ingredients\":[],\"instructions\":[],\"keywords\":[]},\"software\":{\"reviews\":[],\"operatingSystems\":[]},\"webPage\":{\"webPageType\":\"WebPage\"}}","pillar_content":false,"robots_default":true,"robots_noindex":false,"robots_noarchive":false,"robots_nosnippet":false,"robots_nofollow":false,"robots_noimageindex":false,"robots_noodp":false,"robots_notranslate":false,"robots_max_snippet":"-1","robots_max_videopreview":"-1","robots_max_imagepreview":"large","priority":null,"frequency":"default","location":null,"local_seo":null,"breadcrumb_settings":null,"limit_modified_date":false,"ai":null,"created":"2024-05-21 18:57:21","updated":"2025-06-15 12:33:47","seo_analyzer_scan_date":null,"focus_keyword":null,"additional_keywords":null,"truseo_locale":null},"_links":{"self":[{"href":"https:\/\/grand-rechain.be\/cms\/wp-json\/wp\/v2\/posts\/60104","targetHints":{"allow":["GET"]}}],"collection":[{"href":"https:\/\/grand-rechain.be\/cms\/wp-json\/wp\/v2\/posts"}],"about":[{"href":"https:\/\/grand-rechain.be\/cms\/wp-json\/wp\/v2\/types\/post"}],"author":[{"embeddable":true,"href":"https:\/\/grand-rechain.be\/cms\/wp-json\/wp\/v2\/users\/1"}],"replies":[{"embeddable":true,"href":"https:\/\/grand-rechain.be\/cms\/wp-json\/wp\/v2\/comments?post=60104"}],"version-history":[{"count":0,"href":"https:\/\/grand-rechain.be\/cms\/wp-json\/wp\/v2\/posts\/60104\/revisions"}],"wp:featuredmedia":[{"embeddable":true,"href":"https:\/\/grand-rechain.be\/cms\/wp-json\/wp\/v2\/media\/60110"}],"wp:attachment":[{"href":"https:\/\/grand-rechain.be\/cms\/wp-json\/wp\/v2\/media?parent=60104"}],"wp:term":[{"taxonomy":"category","embeddable":true,"href":"https:\/\/grand-rechain.be\/cms\/wp-json\/wp\/v2\/categories?post=60104"},{"taxonomy":"post_tag","embeddable":true,"href":"https:\/\/grand-rechain.be\/cms\/wp-json\/wp\/v2\/tags?post=60104"}],"curies":[{"name":"wp","href":"https:\/\/api.w.org\/{rel}","templated":true}]}}