{"id":61456,"date":"2024-09-05T20:28:20","date_gmt":"2024-09-05T18:28:20","guid":{"rendered":"https:\/\/grand-rechain.be\/cms\/?p=61456"},"modified":"2024-12-03T12:26:14","modified_gmt":"2024-12-03T11:26:14","slug":"marche-de-noel-22-au-24-novembre-2024","status":"publish","type":"post","link":"https:\/\/grand-rechain.be\/cms\/marche-de-noel-22-au-24-novembre-2024\/","title":{"rendered":"March\u00e9 de No\u00ebl &#8211; 22 au 24 novembre 2024"},"content":{"rendered":"\n<p class=\"has-text-align-center\">40 chalets ! Produits de bouche, artisanat, d\u00e9co,&#8230;<br data-rich-text-line-break=\"true\">Ambiance conviviale et festive sur la place de Grand-Rechain !<br data-rich-text-line-break=\"true\">Nombreuses animations !<\/p>\n\n\n<div class=\"wp-block-image\">\n<figure class=\"aligncenter size-large\"><img loading=\"lazy\" decoding=\"async\" width=\"726\" height=\"1024\" src=\"https:\/\/grand-rechain.be\/cms\/wp-content\/uploads\/2024\/08\/affichemarchedenoel2024-726x1024.jpg\" alt=\"\" class=\"wp-image-61457\" srcset=\"https:\/\/grand-rechain.be\/cms\/wp-content\/uploads\/2024\/08\/affichemarchedenoel2024-726x1024.jpg 726w, https:\/\/grand-rechain.be\/cms\/wp-content\/uploads\/2024\/08\/affichemarchedenoel2024-213x300.jpg 213w, https:\/\/grand-rechain.be\/cms\/wp-content\/uploads\/2024\/08\/affichemarchedenoel2024-768x1083.jpg 768w, https:\/\/grand-rechain.be\/cms\/wp-content\/uploads\/2024\/08\/affichemarchedenoel2024-1090x1536.jpg 1090w, https:\/\/grand-rechain.be\/cms\/wp-content\/uploads\/2024\/08\/affichemarchedenoel2024.jpg 1135w\" sizes=\"auto, (max-width: 726px) 100vw, 726px\" \/><\/figure>\n<\/div>\n\n\n<div>\n<div style=\"text-align: center;\"><br>Un ch\u00e2teau gonflable sera install\u00e9 durant les 3 jours !<\/div>\n<\/div>\n\n\n\n<hr class=\"wp-block-separator has-css-opacity\"\/>\n\n\n\n<p class=\"has-text-align-center\">Animations \/ P\u00e8re No\u00ebl \/ garderie gratuite<\/p>\n\n\n<div class=\"wp-block-image\">\n<figure class=\"aligncenter size-large\"><img loading=\"lazy\" decoding=\"async\" width=\"730\" height=\"1024\" src=\"https:\/\/grand-rechain.be\/cms\/wp-content\/uploads\/2024\/09\/animationsmn2024-730x1024.jpg\" alt=\"\" class=\"wp-image-61559\" srcset=\"https:\/\/grand-rechain.be\/cms\/wp-content\/uploads\/2024\/09\/animationsmn2024-730x1024.jpg 730w, https:\/\/grand-rechain.be\/cms\/wp-content\/uploads\/2024\/09\/animationsmn2024-214x300.jpg 214w, https:\/\/grand-rechain.be\/cms\/wp-content\/uploads\/2024\/09\/animationsmn2024-768x1078.jpg 768w, https:\/\/grand-rechain.be\/cms\/wp-content\/uploads\/2024\/09\/animationsmn2024-1094x1536.jpg 1094w, https:\/\/grand-rechain.be\/cms\/wp-content\/uploads\/2024\/09\/animationsmn2024.jpg 1140w\" sizes=\"auto, (max-width: 730px) 100vw, 730px\" \/><\/figure>\n<\/div>\n\n\n<hr class=\"wp-block-separator has-css-opacity\"\/>\n\n\n\n<p class=\"has-text-align-center\">Merci \u00e0 tous nos partenaires !<\/p>\n\n\n\n<figure data-wp-context=\"{&quot;imageId&quot;:&quot;69f5c87519ca9&quot;}\" data-wp-interactive=\"core\/image\" data-wp-key=\"69f5c87519ca9\" class=\"wp-block-image size-large is-style-default wp-lightbox-container\"><img loading=\"lazy\" decoding=\"async\" width=\"1024\" height=\"724\" data-wp-class--hide=\"state.isContentHidden\" data-wp-class--show=\"state.isContentVisible\" data-wp-init=\"callbacks.setButtonStyles\" data-wp-on--click=\"actions.showLightbox\" data-wp-on--load=\"callbacks.setButtonStyles\" data-wp-on-window--resize=\"callbacks.setButtonStyles\" src=\"https:\/\/grand-rechain.be\/cms\/wp-content\/uploads\/2024\/09\/sponsorsmn2024-1024x724.jpg\" alt=\"\" class=\"wp-image-61733\" srcset=\"https:\/\/grand-rechain.be\/cms\/wp-content\/uploads\/2024\/09\/sponsorsmn2024-1024x724.jpg 1024w, https:\/\/grand-rechain.be\/cms\/wp-content\/uploads\/2024\/09\/sponsorsmn2024-300x212.jpg 300w, https:\/\/grand-rechain.be\/cms\/wp-content\/uploads\/2024\/09\/sponsorsmn2024-768x543.jpg 768w, https:\/\/grand-rechain.be\/cms\/wp-content\/uploads\/2024\/09\/sponsorsmn2024-1536x1086.jpg 1536w, https:\/\/grand-rechain.be\/cms\/wp-content\/uploads\/2024\/09\/sponsorsmn2024-2048x1448.jpg 2048w\" sizes=\"auto, (max-width: 1024px) 100vw, 1024px\" \/><button\n\t\t\tclass=\"lightbox-trigger\"\n\t\t\ttype=\"button\"\n\t\t\taria-haspopup=\"dialog\"\n\t\t\taria-label=\"Agrandir\"\n\t\t\tdata-wp-init=\"callbacks.initTriggerButton\"\n\t\t\tdata-wp-on--click=\"actions.showLightbox\"\n\t\t\tdata-wp-style--right=\"state.imageButtonRight\"\n\t\t\tdata-wp-style--top=\"state.imageButtonTop\"\n\t\t>\n\t\t\t<svg xmlns=\"http:\/\/www.w3.org\/2000\/svg\" width=\"12\" height=\"12\" fill=\"none\" viewBox=\"0 0 12 12\">\n\t\t\t\t<path fill=\"#fff\" d=\"M2 0a2 2 0 0 0-2 2v2h1.5V2a.5.5 0 0 1 .5-.5h2V0H2Zm2 10.5H2a.5.5 0 0 1-.5-.5V8H0v2a2 2 0 0 0 2 2h2v-1.5ZM8 12v-1.5h2a.5.5 0 0 0 .5-.5V8H12v2a2 2 0 0 1-2 2H8Zm2-12a2 2 0 0 1 2 2v2h-1.5V2a.5.5 0 0 0-.5-.5H8V0h2Z\" \/>\n\t\t\t<\/svg>\n\t\t<\/button><\/figure>\n\n\n\n<hr class=\"wp-block-separator has-alpha-channel-opacity\"\/>\n\n\n\n<p align=\"center\">&nbsp; &nbsp; &nbsp;Infos exposants :<\/p>\n<p align=\"center\"><del>Informations et demande d&#8217;inscription pour les exposants : ici<\/del> <span lang=\"FR\">COMPLET&nbsp;! Rendez-vous en 2025\u2026<\/span><\/p>\n\n\n\n\n","protected":false},"excerpt":{"rendered":"<p>40 chalets ! Produits de bouche, artisanat, d\u00e9co,&#8230;<br \/>\nAmbiance conviviale et festive  sur la place de Grand-Rechain !<\/p>\n<p>Retrouvez les horaires des animations, de la pr\u00e9sence de P\u00e8re No\u00ebl et de la garderie pour vos enfants.<\/p>\n","protected":false},"author":1,"featured_media":61457,"comment_status":"closed","ping_status":"closed","sticky":false,"template":"","format":"standard","meta":{"ngg_post_thumbnail":0,"footnotes":""},"categories":[6,17],"tags":[],"class_list":["post-61456","post","type-post","status-publish","format-standard","has-post-thumbnail","hentry","category-comite-des-fetes","category-marche-de-noel"],"aioseo_notices":[],"_links":{"self":[{"href":"https:\/\/grand-rechain.be\/cms\/wp-json\/wp\/v2\/posts\/61456","targetHints":{"allow":["GET"]}}],"collection":[{"href":"https:\/\/grand-rechain.be\/cms\/wp-json\/wp\/v2\/posts"}],"about":[{"href":"https:\/\/grand-rechain.be\/cms\/wp-json\/wp\/v2\/types\/post"}],"author":[{"embeddable":true,"href":"https:\/\/grand-rechain.be\/cms\/wp-json\/wp\/v2\/users\/1"}],"replies":[{"embeddable":true,"href":"https:\/\/grand-rechain.be\/cms\/wp-json\/wp\/v2\/comments?post=61456"}],"version-history":[{"count":3,"href":"https:\/\/grand-rechain.be\/cms\/wp-json\/wp\/v2\/posts\/61456\/revisions"}],"predecessor-version":[{"id":61735,"href":"https:\/\/grand-rechain.be\/cms\/wp-json\/wp\/v2\/posts\/61456\/revisions\/61735"}],"wp:featuredmedia":[{"embeddable":true,"href":"https:\/\/grand-rechain.be\/cms\/wp-json\/wp\/v2\/media\/61457"}],"wp:attachment":[{"href":"https:\/\/grand-rechain.be\/cms\/wp-json\/wp\/v2\/media?parent=61456"}],"wp:term":[{"taxonomy":"category","embeddable":true,"href":"https:\/\/grand-rechain.be\/cms\/wp-json\/wp\/v2\/categories?post=61456"},{"taxonomy":"post_tag","embeddable":true,"href":"https:\/\/grand-rechain.be\/cms\/wp-json\/wp\/v2\/tags?post=61456"}],"curies":[{"name":"wp","href":"https:\/\/api.w.org\/{rel}","templated":true}]}}