{"id":63219,"date":"2025-02-25T20:59:37","date_gmt":"2025-02-25T19:59:37","guid":{"rendered":"https:\/\/grand-rechain.be\/cms\/?p=63219"},"modified":"2025-03-31T21:30:10","modified_gmt":"2025-03-31T19:30:10","slug":"27eme-week-end-oenologique","status":"publish","type":"post","link":"https:\/\/grand-rechain.be\/cms\/27eme-week-end-oenologique\/","title":{"rendered":"27\u00e8me Week-end Oenologique"},"content":{"rendered":"<div class=\"wp-block-image\">\n<figure class=\"aligncenter size-large\"><img loading=\"lazy\" decoding=\"async\" width=\"736\" height=\"1024\" src=\"https:\/\/grand-rechain.be\/cms\/wp-content\/uploads\/2025\/02\/affichefeteduvin2025-736x1024.jpg\" alt=\"\" class=\"wp-image-63220\" srcset=\"https:\/\/grand-rechain.be\/cms\/wp-content\/uploads\/2025\/02\/affichefeteduvin2025-736x1024.jpg 736w, https:\/\/grand-rechain.be\/cms\/wp-content\/uploads\/2025\/02\/affichefeteduvin2025-216x300.jpg 216w, https:\/\/grand-rechain.be\/cms\/wp-content\/uploads\/2025\/02\/affichefeteduvin2025-768x1069.jpg 768w, https:\/\/grand-rechain.be\/cms\/wp-content\/uploads\/2025\/02\/affichefeteduvin2025-1104x1536.jpg 1104w, https:\/\/grand-rechain.be\/cms\/wp-content\/uploads\/2025\/02\/affichefeteduvin2025.jpg 1150w\" sizes=\"auto, (max-width: 736px) 100vw, 736px\" \/><\/figure>\n<\/div>\n\n\n<p style=\"text-align: center;\">CERCLE SAINT AUGUSTIN<\/p>\n<p style=\"text-align: center;\">Avenue des Platanes 126 &#8211; 4650 GRAND-RECHAIN<\/p>\n<p style=\"text-align: center;\">Une 27<sup>e<\/sup> \u00e9dition de notre week-end \u0153nologique ces 29 mars de 14h \u00e0 20h et 30 mars de 11h \u00e0 18h.<\/p>\n<p>Depuis 1997, le comit\u00e9 du Cercle Saint-Augustin de Grand-Rechain organise un weekend \u0152nologique avec la participation de vigneronnes et vignerons fran\u00e7ais et depuis 2023 un vigneron belge local auquel s\u2019ajoutera une vigneronne de Crisn\u00e9e. Cette ann\u00e9e 2025 sera la 27<sup>e<\/sup> \u00e9dition car les 2 ann\u00e9es Covid nous en ont emp\u00each\u00e9 malgr\u00e9 une vente organis\u00e9e sur la place du village en 2021.<\/p>\n<p>Nous retrouverons nos fid\u00e8les viticulteurs Jean-Luc Duvernay de Mercurey en Bourgogne, Thiebaut et Justine Vordy de Minerve, Nicolas Croze de C\u00f4te du Rh\u00f4ne, Nadine et Florent Jambon de Brouilly, Jean-Pol Meyer d\u2019Alsace, Christophe Gestault de Montlouis en Loire, Jean-Baptiste Thienpont de Bordeaux et un nouveau Pineau des Charentes et Cognac du Domaine des Tonneaux. Chris Engels du domaine Vinadis \u00e0 Dison auquel s\u2019ajoutera le domaine Le Clos des Ramiers de la vigneronne Carole Vandionant compl\u00e8teront cette liste.<\/p>\n<p>Acc\u00e8s facile et grand parking sur la place du village.<\/p>\n","protected":false},"excerpt":{"rendered":"<p>Rendez-vous les 29 et 30 mars \u00e0 Grand-Rechain pour le 27\u00e8me week-end \u0153nologique. Des viticulteurs fran\u00e7ais et belges se feront un plaisir de vous pr\u00e9senter leurs vins mis en bouteille dans leur propres chais.<\/p>\n","protected":false},"author":1,"featured_media":63220,"comment_status":"closed","ping_status":"closed","sticky":false,"template":"","format":"standard","meta":{"ngg_post_thumbnail":0,"footnotes":""},"categories":[55,54],"tags":[],"class_list":["post-63219","post","type-post","status-publish","format-standard","has-post-thumbnail","hentry","category-comite-du-cercle","category-week-end-oenologique"],"aioseo_notices":[],"_links":{"self":[{"href":"https:\/\/grand-rechain.be\/cms\/wp-json\/wp\/v2\/posts\/63219","targetHints":{"allow":["GET"]}}],"collection":[{"href":"https:\/\/grand-rechain.be\/cms\/wp-json\/wp\/v2\/posts"}],"about":[{"href":"https:\/\/grand-rechain.be\/cms\/wp-json\/wp\/v2\/types\/post"}],"author":[{"embeddable":true,"href":"https:\/\/grand-rechain.be\/cms\/wp-json\/wp\/v2\/users\/1"}],"replies":[{"embeddable":true,"href":"https:\/\/grand-rechain.be\/cms\/wp-json\/wp\/v2\/comments?post=63219"}],"version-history":[{"count":3,"href":"https:\/\/grand-rechain.be\/cms\/wp-json\/wp\/v2\/posts\/63219\/revisions"}],"predecessor-version":[{"id":63224,"href":"https:\/\/grand-rechain.be\/cms\/wp-json\/wp\/v2\/posts\/63219\/revisions\/63224"}],"wp:featuredmedia":[{"embeddable":true,"href":"https:\/\/grand-rechain.be\/cms\/wp-json\/wp\/v2\/media\/63220"}],"wp:attachment":[{"href":"https:\/\/grand-rechain.be\/cms\/wp-json\/wp\/v2\/media?parent=63219"}],"wp:term":[{"taxonomy":"category","embeddable":true,"href":"https:\/\/grand-rechain.be\/cms\/wp-json\/wp\/v2\/categories?post=63219"},{"taxonomy":"post_tag","embeddable":true,"href":"https:\/\/grand-rechain.be\/cms\/wp-json\/wp\/v2\/tags?post=63219"}],"curies":[{"name":"wp","href":"https:\/\/api.w.org\/{rel}","templated":true}]}}