{"id":63283,"date":"2025-05-18T14:01:43","date_gmt":"2025-05-18T12:01:43","guid":{"rendered":"https:\/\/grand-rechain.be\/cms\/?p=63283"},"modified":"2025-08-31T10:12:50","modified_gmt":"2025-08-31T08:12:50","slug":"fete-a-grand-rechain-3-au-6-07-2025","status":"publish","type":"post","link":"https:\/\/grand-rechain.be\/cms\/fete-a-grand-rechain-3-au-6-07-2025\/","title":{"rendered":"F\u00eate \u00e0 Grand-Rechain (3 au 6\/07\/2025)"},"content":{"rendered":"\n<p class=\"has-text-align-center\"><strong><a href=\"https:\/\/grand-rechain.be\/cms\/aubade-musicale-jeudi-3-juillet-2025\/\" title=\"Aubade musicale \u2013 Jeudi 3 juillet 2025\">Aubade musicale<\/a> &#8211; <a href=\"https:\/\/grand-rechain.be\/cms\/39eme-jogging-la-nocturne-des-fenils-vendredi-4-juillet-2025\/\" title=\"39\u00e8me Jogging \u201cla nocturne des fenils\u201d \u2013 Vendredi 4 juillet 2025\">Jogging<\/a> &#8211; <a href=\"https:\/\/grand-rechain.be\/cms\/39eme-jogging-la-nocturne-des-fenils-vendredi-4-juillet-2025\/\" title=\"39\u00e8me Jogging \u201cla nocturne des fenils\u201d \u2013 Vendredi 4 juillet 2025\">Soir\u00e9e Ann\u00e9e 80-90-2000<\/a> &#8211; <a href=\"https:\/\/grand-rechain.be\/cms\/3-concerts-le-jardin-des-artistes-concours-du-plus-gros-mangeur-de-hotdogs-samedi-5-juillet-2025\/\" title=\"3 Concerts, le jardin des artistes, concours du plus gros mangeur de hotdogs \u2013 Samedi 5 juillet 2025\">Le jardin des Artistes<\/a> &#8211; <a href=\"https:\/\/grand-rechain.be\/cms\/3-concerts-le-jardin-des-artistes-concours-du-plus-gros-mangeur-de-hotdogs-samedi-5-juillet-2025\/\" title=\"3 Concerts, le jardin des artistes, concours du plus gros mangeur de hotdogs \u2013 Samedi 5 juillet 2025\">Concours mangeur de hot-dogs<\/a> &#8211; <a href=\"https:\/\/grand-rechain.be\/cms\/3-concerts-le-jardin-des-artistes-concours-du-plus-gros-mangeur-de-hotdogs-samedi-5-juillet-2025\/\" title=\"3 Concerts, le jardin des artistes, concours du plus gros mangeur de hotdogs \u2013 Samedi 5 juillet 2025\">3 concerts <\/a>&#8211; <a href=\"https:\/\/grand-rechain.be\/cms\/balade-velo-dimanche-6-juillet-2025\/\" title=\"Balade v\u00e9lo \u2013 Dimanche 6 Juillet 2025\">Balade V\u00e9lo<\/a> &#8211; <a href=\"https:\/\/grand-rechain.be\/cms\/tournoi-de-petanque-dimanche-6-juillet-2025\/\" title=\"Tournoi de p\u00e9tanque \u2013 Dimanche 6 Juillet 2025\">P\u00e9tanque<\/a> &#8211; <a href=\"https:\/\/grand-rechain.be\/cms\/barbecue-champetre-et-soiree-dimanche-6-juillet-2025\/\" title=\"Barbecue Champ\u00eatre et soir\u00e9e \u2013 Dimanche 6 juillet 2025\">Barbecue<\/a> &#8211; <a href=\"https:\/\/grand-rechain.be\/cms\/barbecue-champetre-et-soiree-dimanche-6-juillet-2025\/\" title=\"Barbecue Champ\u00eatre et soir\u00e9e \u2013 Dimanche 6 juillet 2025\">Blind Test<\/a><\/strong><\/p>\n\n\n\n<figure class=\"wp-block-image size-large is-resized\"><img loading=\"lazy\" decoding=\"async\" width=\"1024\" height=\"708\" src=\"https:\/\/grand-rechain.be\/cms\/wp-content\/uploads\/2025\/06\/lemotducomitekermesse2025-1024x708.jpg\" alt=\"\" class=\"wp-image-63368\" style=\"width:960px;height:auto\" srcset=\"https:\/\/grand-rechain.be\/cms\/wp-content\/uploads\/2025\/06\/lemotducomitekermesse2025-1024x708.jpg 1024w, https:\/\/grand-rechain.be\/cms\/wp-content\/uploads\/2025\/06\/lemotducomitekermesse2025-300x207.jpg 300w, https:\/\/grand-rechain.be\/cms\/wp-content\/uploads\/2025\/06\/lemotducomitekermesse2025-768x531.jpg 768w, https:\/\/grand-rechain.be\/cms\/wp-content\/uploads\/2025\/06\/lemotducomitekermesse2025-1536x1062.jpg 1536w, https:\/\/grand-rechain.be\/cms\/wp-content\/uploads\/2025\/06\/lemotducomitekermesse2025.jpg 1600w\" sizes=\"auto, (max-width: 1024px) 100vw, 1024px\" \/><\/figure>\n\n\n\n<div style=\"height:50px\" aria-hidden=\"true\" class=\"wp-block-spacer\"><\/div>\n\n\n\n<div class=\"wp-block-columns is-layout-flex wp-container-core-columns-is-layout-9d6595d7 wp-block-columns-is-layout-flex\">\n<div class=\"wp-block-column is-layout-flow wp-block-column-is-layout-flow\"><div class=\"wp-block-image\">\n<figure class=\"aligncenter size-large\"><a href=\"https:\/\/grand-rechain.be\/cms\/aubade-musicale-jeudi-3-juillet-2025\/\"><img loading=\"lazy\" decoding=\"async\" width=\"947\" height=\"1024\" src=\"https:\/\/grand-rechain.be\/cms\/wp-content\/uploads\/2025\/06\/aubademusicale2025-947x1024.jpg\" alt=\"\" class=\"wp-image-63371\" srcset=\"https:\/\/grand-rechain.be\/cms\/wp-content\/uploads\/2025\/06\/aubademusicale2025-947x1024.jpg 947w, https:\/\/grand-rechain.be\/cms\/wp-content\/uploads\/2025\/06\/aubademusicale2025-277x300.jpg 277w, https:\/\/grand-rechain.be\/cms\/wp-content\/uploads\/2025\/06\/aubademusicale2025-768x831.jpg 768w, https:\/\/grand-rechain.be\/cms\/wp-content\/uploads\/2025\/06\/aubademusicale2025-1420x1536.jpg 1420w, https:\/\/grand-rechain.be\/cms\/wp-content\/uploads\/2025\/06\/aubademusicale2025.jpg 1479w\" sizes=\"auto, (max-width: 947px) 100vw, 947px\" \/><\/a><\/figure>\n<\/div><\/div>\n\n\n\n<div class=\"wp-block-column is-layout-flow wp-block-column-is-layout-flow\"><div class=\"wp-block-image\">\n<figure class=\"aligncenter size-large\"><a href=\"https:\/\/grand-rechain.be\/cms\/39eme-jogging-la-nocturne-des-fenils-vendredi-4-juillet-2025\/\"><img loading=\"lazy\" decoding=\"async\" width=\"708\" height=\"1024\" src=\"https:\/\/grand-rechain.be\/cms\/wp-content\/uploads\/2025\/06\/joggingcarnet2025-708x1024.jpg\" alt=\"\" class=\"wp-image-63367\" srcset=\"https:\/\/grand-rechain.be\/cms\/wp-content\/uploads\/2025\/06\/joggingcarnet2025-708x1024.jpg 708w, https:\/\/grand-rechain.be\/cms\/wp-content\/uploads\/2025\/06\/joggingcarnet2025-207x300.jpg 207w, https:\/\/grand-rechain.be\/cms\/wp-content\/uploads\/2025\/06\/joggingcarnet2025-768x1111.jpg 768w, https:\/\/grand-rechain.be\/cms\/wp-content\/uploads\/2025\/06\/joggingcarnet2025-1062x1536.jpg 1062w, https:\/\/grand-rechain.be\/cms\/wp-content\/uploads\/2025\/06\/joggingcarnet2025.jpg 1106w\" sizes=\"auto, (max-width: 708px) 100vw, 708px\" \/><\/a><\/figure>\n<\/div><\/div>\n<\/div>\n\n\n\n<div style=\"height:50px\" aria-hidden=\"true\" class=\"wp-block-spacer\"><\/div>\n\n\n\n<figure class=\"wp-block-image size-large\"><a href=\"https:\/\/grand-rechain.be\/cms\/3-concerts-le-jardin-des-artistes-concours-du-plus-gros-mangeur-de-hotdogs-samedi-5-juillet-2025\/\"><img loading=\"lazy\" decoding=\"async\" width=\"1024\" height=\"743\" src=\"https:\/\/grand-rechain.be\/cms\/wp-content\/uploads\/2025\/06\/samedikermesse2025-1024x743.jpg\" alt=\"\" class=\"wp-image-63369\" srcset=\"https:\/\/grand-rechain.be\/cms\/wp-content\/uploads\/2025\/06\/samedikermesse2025-1024x743.jpg 1024w, https:\/\/grand-rechain.be\/cms\/wp-content\/uploads\/2025\/06\/samedikermesse2025-300x218.jpg 300w, https:\/\/grand-rechain.be\/cms\/wp-content\/uploads\/2025\/06\/samedikermesse2025-768x557.jpg 768w, https:\/\/grand-rechain.be\/cms\/wp-content\/uploads\/2025\/06\/samedikermesse2025-1536x1114.jpg 1536w, https:\/\/grand-rechain.be\/cms\/wp-content\/uploads\/2025\/06\/samedikermesse2025.jpg 1800w\" sizes=\"auto, (max-width: 1024px) 100vw, 1024px\" \/><\/a><\/figure>\n\n\n\n<div style=\"height:50px\" aria-hidden=\"true\" class=\"wp-block-spacer\"><\/div>\n\n\n\n<p class=\"has-text-align-center\"><strong><a href=\"https:\/\/grand-rechain.be\/cms\/balade-velo-dimanche-6-juillet-2025\/\" title=\"Balade v\u00e9lo \u2013 Dimanche 6 Juillet 2025\">Balade V\u00e9lo<\/a> &#8211; <a href=\"https:\/\/grand-rechain.be\/cms\/tournoi-de-petanque-dimanche-6-juillet-2025\/\" title=\"Tournoi de p\u00e9tanque \u2013 Dimanche 6 Juillet 2025\">P\u00e9tanque<\/a> &#8211; <a href=\"https:\/\/grand-rechain.be\/cms\/barbecue-champetre-et-soiree-dimanche-6-juillet-2025\/\" title=\"Barbecue Champ\u00eatre et soir\u00e9e \u2013 Dimanche 6 juillet 2025\">Barbecue<\/a> &#8211; <a href=\"https:\/\/grand-rechain.be\/cms\/barbecue-champetre-et-soiree-dimanche-6-juillet-2025\/\" title=\"Barbecue Champ\u00eatre et soir\u00e9e \u2013 Dimanche 6 juillet 2025\">Blind Test<\/a><\/strong><\/p>\n\n\n\n<figure class=\"wp-block-image size-large\"><img loading=\"lazy\" decoding=\"async\" width=\"1024\" height=\"755\" src=\"https:\/\/grand-rechain.be\/cms\/wp-content\/uploads\/2025\/06\/dimachekermesse2025-1024x755.jpg\" alt=\"\" class=\"wp-image-63370\" srcset=\"https:\/\/grand-rechain.be\/cms\/wp-content\/uploads\/2025\/06\/dimachekermesse2025-1024x755.jpg 1024w, https:\/\/grand-rechain.be\/cms\/wp-content\/uploads\/2025\/06\/dimachekermesse2025-300x221.jpg 300w, https:\/\/grand-rechain.be\/cms\/wp-content\/uploads\/2025\/06\/dimachekermesse2025-768x566.jpg 768w, https:\/\/grand-rechain.be\/cms\/wp-content\/uploads\/2025\/06\/dimachekermesse2025-1536x1133.jpg 1536w, https:\/\/grand-rechain.be\/cms\/wp-content\/uploads\/2025\/06\/dimachekermesse2025.jpg 1600w\" sizes=\"auto, (max-width: 1024px) 100vw, 1024px\" \/><\/figure>\n\n\n\n<div style=\"height:10px\" aria-hidden=\"true\" class=\"wp-block-spacer\"><\/div>\n\n\n\n<p style=\"text-align: center;\"><span style=\"font-size: 14pt;\">Sous chapiteau &#8211; Avenue des Platanes \u00e0 4650 Grand-Rechain derri\u00e8re l&#8217;\u00e9glise.<\/span><\/p>\n\n\n","protected":false},"excerpt":{"rendered":"<p>Le programme de la f\u00eate \u00e0 Grand-Rechain 2025 !<\/p>\n","protected":false},"author":1,"featured_media":63372,"comment_status":"closed","ping_status":"closed","sticky":false,"template":"","format":"standard","meta":{"ngg_post_thumbnail":0,"footnotes":""},"categories":[22,88],"tags":[],"class_list":["post-63283","post","type-post","status-publish","format-standard","has-post-thumbnail","hentry","category-kermesse","category-kermesse-2025"],"aioseo_notices":[],"_links":{"self":[{"href":"https:\/\/grand-rechain.be\/cms\/wp-json\/wp\/v2\/posts\/63283","targetHints":{"allow":["GET"]}}],"collection":[{"href":"https:\/\/grand-rechain.be\/cms\/wp-json\/wp\/v2\/posts"}],"about":[{"href":"https:\/\/grand-rechain.be\/cms\/wp-json\/wp\/v2\/types\/post"}],"author":[{"embeddable":true,"href":"https:\/\/grand-rechain.be\/cms\/wp-json\/wp\/v2\/users\/1"}],"replies":[{"embeddable":true,"href":"https:\/\/grand-rechain.be\/cms\/wp-json\/wp\/v2\/comments?post=63283"}],"version-history":[{"count":2,"href":"https:\/\/grand-rechain.be\/cms\/wp-json\/wp\/v2\/posts\/63283\/revisions"}],"predecessor-version":[{"id":63446,"href":"https:\/\/grand-rechain.be\/cms\/wp-json\/wp\/v2\/posts\/63283\/revisions\/63446"}],"wp:featuredmedia":[{"embeddable":true,"href":"https:\/\/grand-rechain.be\/cms\/wp-json\/wp\/v2\/media\/63372"}],"wp:attachment":[{"href":"https:\/\/grand-rechain.be\/cms\/wp-json\/wp\/v2\/media?parent=63283"}],"wp:term":[{"taxonomy":"category","embeddable":true,"href":"https:\/\/grand-rechain.be\/cms\/wp-json\/wp\/v2\/categories?post=63283"},{"taxonomy":"post_tag","embeddable":true,"href":"https:\/\/grand-rechain.be\/cms\/wp-json\/wp\/v2\/tags?post=63283"}],"curies":[{"name":"wp","href":"https:\/\/api.w.org\/{rel}","templated":true}]}}