{"id":66524,"date":"2026-01-17T17:30:39","date_gmt":"2026-01-17T16:30:39","guid":{"rendered":"https:\/\/grand-rechain.be\/cms\/?p=66524"},"modified":"2026-03-02T13:57:33","modified_gmt":"2026-03-02T12:57:33","slug":"spectacle-maud-et-jackylou-31-05-2026","status":"publish","type":"post","link":"https:\/\/grand-rechain.be\/cms\/spectacle-maud-et-jackylou-31-05-2026\/","title":{"rendered":"Spectacle Maud et Jackylou 31\/05\/2026"},"content":{"rendered":"\n<p style=\"text-align: center;\"><strong><span style=\"font-size: 14pt;\">Dans le cadre de la <a href=\"https:\/\/grand-rechain.be\/cms\/44eme-brocante-villageoise-31-mai-2026\/\">44\u00e8me Brocante villageoise de Grand-Rechain<\/a>, venez assister au spectacle de Maud et Jackylou.<\/span><br><span style=\"font-size: 14pt;\">Sur la place du village \u00e0 11h et 13h (en fonction de la m\u00e9t\u00e9o).<\/span><\/strong><\/p>\n\n\n\n<figure class=\"wp-block-image size-full\"><img loading=\"lazy\" decoding=\"async\" width=\"932\" height=\"1000\" src=\"https:\/\/grand-rechain.be\/cms\/wp-content\/uploads\/2026\/03\/Spectaclemaudetjackylou.jpeg\" alt=\"\" class=\"wp-image-66525\" srcset=\"https:\/\/grand-rechain.be\/cms\/wp-content\/uploads\/2026\/03\/Spectaclemaudetjackylou.jpeg 932w, https:\/\/grand-rechain.be\/cms\/wp-content\/uploads\/2026\/03\/Spectaclemaudetjackylou-280x300.jpeg 280w, https:\/\/grand-rechain.be\/cms\/wp-content\/uploads\/2026\/03\/Spectaclemaudetjackylou-768x824.jpeg 768w\" sizes=\"auto, (max-width: 932px) 100vw, 932px\" \/><\/figure>\n\n\n\n<p class=\"font_8 wixui-rich-text__text\"><em><span class=\"wixui-rich-text__text\">Un accord\u00e9on, une guitare, un petit fant\u00f4me et des histoires&#8230;<br><\/span><\/em><em><span class=\"wixui-rich-text__text\">Dans sa t\u00eate \u00e0 elle, des m\u00e9lodies pleines d&#8217;\u00e9toiles qui bondissent de ses doigts.<br><\/span><\/em><em><span class=\"wixui-rich-text__text\">Sous sa moustache \u00e0 lui, des chansons farfelues sorties du monde des petits fous.<br><\/span><\/em><em><span class=\"wixui-rich-text__text\">Une rencontre improbable avec Tomtititom, le petit fant\u00f4me qui a peur du noir, des moments complices, o\u00f9 l&#8217;on se laisse emporter par de fac\u00e9tieuses chansons participatives.<br><\/span><\/em><em><span class=\"wixui-rich-text__text\">Maud et Jackylou partagent leurs \u00e9nergies positives partout o\u00f9 leur vieille fourgonnette p\u00e9taradante les emm\u00e8ne.<br><\/span><\/em><em><span class=\"wixui-rich-text__text\">Un spectacle \u00e0 voir en famille avec de grands yeux d&#8217;enfants.<\/span><\/em><\/p>\n\n\n","protected":false},"excerpt":{"rendered":"<p>Dans le cadre de la 44\u00e8me Brocante villageoise de Grand-Rechain, venez assister au spectacle de Maud et Jackylou<\/p>\n","protected":false},"author":1,"featured_media":66525,"comment_status":"closed","ping_status":"closed","sticky":false,"template":"","format":"standard","meta":{"ngg_post_thumbnail":0,"footnotes":""},"categories":[10,44,16],"tags":[],"class_list":["post-66524","post","type-post","status-publish","format-standard","has-post-thumbnail","hentry","category-a-la-une","category-animation-enfants","category-brocante"],"aioseo_notices":[],"_links":{"self":[{"href":"https:\/\/grand-rechain.be\/cms\/wp-json\/wp\/v2\/posts\/66524","targetHints":{"allow":["GET"]}}],"collection":[{"href":"https:\/\/grand-rechain.be\/cms\/wp-json\/wp\/v2\/posts"}],"about":[{"href":"https:\/\/grand-rechain.be\/cms\/wp-json\/wp\/v2\/types\/post"}],"author":[{"embeddable":true,"href":"https:\/\/grand-rechain.be\/cms\/wp-json\/wp\/v2\/users\/1"}],"replies":[{"embeddable":true,"href":"https:\/\/grand-rechain.be\/cms\/wp-json\/wp\/v2\/comments?post=66524"}],"version-history":[{"count":2,"href":"https:\/\/grand-rechain.be\/cms\/wp-json\/wp\/v2\/posts\/66524\/revisions"}],"predecessor-version":[{"id":66527,"href":"https:\/\/grand-rechain.be\/cms\/wp-json\/wp\/v2\/posts\/66524\/revisions\/66527"}],"wp:featuredmedia":[{"embeddable":true,"href":"https:\/\/grand-rechain.be\/cms\/wp-json\/wp\/v2\/media\/66525"}],"wp:attachment":[{"href":"https:\/\/grand-rechain.be\/cms\/wp-json\/wp\/v2\/media?parent=66524"}],"wp:term":[{"taxonomy":"category","embeddable":true,"href":"https:\/\/grand-rechain.be\/cms\/wp-json\/wp\/v2\/categories?post=66524"},{"taxonomy":"post_tag","embeddable":true,"href":"https:\/\/grand-rechain.be\/cms\/wp-json\/wp\/v2\/tags?post=66524"}],"curies":[{"name":"wp","href":"https:\/\/api.w.org\/{rel}","templated":true}]}}