{"id":66529,"date":"2026-01-19T10:00:00","date_gmt":"2026-01-19T09:00:00","guid":{"rendered":"https:\/\/grand-rechain.be\/cms\/?p=66529"},"modified":"2026-04-07T17:30:19","modified_gmt":"2026-04-07T15:30:19","slug":"28eme-week-end-oenologique","status":"publish","type":"post","link":"https:\/\/grand-rechain.be\/cms\/28eme-week-end-oenologique\/","title":{"rendered":"28\u00e8me Week-end Oenologique"},"content":{"rendered":"<div class=\"wp-block-image\">\n<figure class=\"aligncenter size-large\"><img loading=\"lazy\" decoding=\"async\" width=\"728\" height=\"1024\" src=\"https:\/\/grand-rechain.be\/cms\/wp-content\/uploads\/2026\/03\/afficefeteduvin2026-728x1024.jpg\" alt=\"\" class=\"wp-image-66531\" srcset=\"https:\/\/grand-rechain.be\/cms\/wp-content\/uploads\/2026\/03\/afficefeteduvin2026-728x1024.jpg 728w, https:\/\/grand-rechain.be\/cms\/wp-content\/uploads\/2026\/03\/afficefeteduvin2026-213x300.jpg 213w, https:\/\/grand-rechain.be\/cms\/wp-content\/uploads\/2026\/03\/afficefeteduvin2026-768x1080.jpg 768w, https:\/\/grand-rechain.be\/cms\/wp-content\/uploads\/2026\/03\/afficefeteduvin2026-1092x1536.jpg 1092w, https:\/\/grand-rechain.be\/cms\/wp-content\/uploads\/2026\/03\/afficefeteduvin2026-1457x2048.jpg 1457w, https:\/\/grand-rechain.be\/cms\/wp-content\/uploads\/2026\/03\/afficefeteduvin2026-scaled.jpg 1821w\" sizes=\"auto, (max-width: 728px) 100vw, 728px\" \/><\/figure>\n<\/div>\n\n\n<p style=\"text-align: center;\">CERCLE SAINT AUGUSTIN<\/p>\n<p style=\"text-align: center;\">Avenue des Platanes 126 &#8211; 4650 GRAND-RECHAIN<\/p>\n<p>Une 28<sup>e<\/sup> \u00e9dition de notre week-end \u0153nologique ces 28 mars de 14h \u00e0 20h et 29 mars de 11h \u00e0 18h.<\/p>\n<p>Depuis 1997, le comit\u00e9 du Cercle Saint-Augustin de Grand-Rechain organise un WE \u0152nologique avec la participation de vigneronnes et vignerons fran\u00e7ais et cette ann\u00e9e, une vigneronne de Crisn\u00e9e. Cette ann\u00e9e 2026 sera la 28<sup>e<\/sup> \u00e9dition car les 2 ann\u00e9es Covid nous en ont emp\u00each\u00e9 malgr\u00e9 une vente organis\u00e9e sur la place du village en 2021.<\/p>\n<p>Nous retrouverons nos fid\u00e8les viticulteurs Jean-Luc Duvernay de Mercurey en Bourgogne, Thiebaut et Justine Vordy de Minerve, Nicolas Croze de C\u00f4te du Rh\u00f4ne, Nadine et Florent Jambon de Brouilly, Jean-Pol Meyer d\u2019Alsace, Christophe Gestault de Montlouis en Loire, Jean-Baptiste Thienpont de Bordeaux, Betty Rulens et ses Pineau des Charentes et Cognac du Domaine des Tonneaux. Carole Vandionant du le domaine Le Clos des Ramiers (Belgique Crisn\u00e9e).<\/p>\n<p>Deux nouvelles appellations nous rejoignent cette ann\u00e9e&nbsp;: Hubert LANCELOT de Champagne et M\u00e9lanie SONTAG de la Moselle fran\u00e7aise.<\/p>\n<p>Acc\u00e8s facile et grand parking sur la place du village.<\/p>\n","protected":false},"excerpt":{"rendered":"<p>Rendez-vous les 28 et 29 mars \u00e0 Grand-Rechain pour le 28\u00e8me week-end \u0153nologique. Des viticulteurs fran\u00e7ais et belges se feront un plaisir de vous pr\u00e9senter leurs vins mis en bouteille dans leurs propres chais.<\/p>\n","protected":false},"author":1,"featured_media":66531,"comment_status":"closed","ping_status":"closed","sticky":false,"template":"","format":"standard","meta":{"ngg_post_thumbnail":0,"footnotes":""},"categories":[55,54],"tags":[],"class_list":["post-66529","post","type-post","status-publish","format-standard","has-post-thumbnail","hentry","category-comite-du-cercle","category-week-end-oenologique"],"aioseo_notices":[],"_links":{"self":[{"href":"https:\/\/grand-rechain.be\/cms\/wp-json\/wp\/v2\/posts\/66529","targetHints":{"allow":["GET"]}}],"collection":[{"href":"https:\/\/grand-rechain.be\/cms\/wp-json\/wp\/v2\/posts"}],"about":[{"href":"https:\/\/grand-rechain.be\/cms\/wp-json\/wp\/v2\/types\/post"}],"author":[{"embeddable":true,"href":"https:\/\/grand-rechain.be\/cms\/wp-json\/wp\/v2\/users\/1"}],"replies":[{"embeddable":true,"href":"https:\/\/grand-rechain.be\/cms\/wp-json\/wp\/v2\/comments?post=66529"}],"version-history":[{"count":2,"href":"https:\/\/grand-rechain.be\/cms\/wp-json\/wp\/v2\/posts\/66529\/revisions"}],"predecessor-version":[{"id":66532,"href":"https:\/\/grand-rechain.be\/cms\/wp-json\/wp\/v2\/posts\/66529\/revisions\/66532"}],"wp:featuredmedia":[{"embeddable":true,"href":"https:\/\/grand-rechain.be\/cms\/wp-json\/wp\/v2\/media\/66531"}],"wp:attachment":[{"href":"https:\/\/grand-rechain.be\/cms\/wp-json\/wp\/v2\/media?parent=66529"}],"wp:term":[{"taxonomy":"category","embeddable":true,"href":"https:\/\/grand-rechain.be\/cms\/wp-json\/wp\/v2\/categories?post=66529"},{"taxonomy":"post_tag","embeddable":true,"href":"https:\/\/grand-rechain.be\/cms\/wp-json\/wp\/v2\/tags?post=66529"}],"curies":[{"name":"wp","href":"https:\/\/api.w.org\/{rel}","templated":true}]}}